{"id":1992,"date":"2026-04-28T09:16:12","date_gmt":"2026-04-28T09:16:12","guid":{"rendered":"https:\/\/skole.vamtam.com\/?p=1992"},"modified":"2026-07-01T02:26:46","modified_gmt":"2026-07-01T02:26:46","slug":"scuola-infanzia-imparare-giocando-crescere","status":"publish","type":"post","link":"https:\/\/www.scuolesanfrancesco.it\/index.php\/2026\/04\/28\/scuola-infanzia-imparare-giocando-crescere\/","title":{"rendered":"Scuola dell\u2019Infanzia: imparare giocando, crescere con il cuore"},"content":{"rendered":"\t\t<div data-elementor-type=\"wp-post\" data-elementor-id=\"1992\" class=\"elementor elementor-1992\" data-elementor-post-type=\"post\">\n\t\t\t\t\t\t<section class=\"elementor-section elementor-top-section elementor-element elementor-element-548974d5 elementor-section-boxed elementor-section-height-default elementor-section-height-default\" data-id=\"548974d5\" data-element_type=\"section\" data-e-type=\"section\">\n\t\t\t\t\t\t<div class=\"elementor-container elementor-column-gap-default\">\n\t\t\t\t\t<div class=\"elementor-column elementor-col-100 elementor-top-column elementor-element elementor-element-67c1cacb\" data-id=\"67c1cacb\" data-element_type=\"column\" data-e-type=\"column\">\n\t\t\t<div class=\"elementor-widget-wrap elementor-element-populated\">\n\t\t\t\t\t\t<div class=\"elementor-element elementor-element-47b88258 elementor-drop-cap-yes elementor-drop-cap-view-default elementor-widget elementor-widget-text-editor\" data-id=\"47b88258\" data-element_type=\"widget\" data-e-type=\"widget\" data-settings=\"{&quot;drop_cap&quot;:&quot;yes&quot;}\" data-widget_type=\"text-editor.default\">\n\t\t\t\t<div class=\"elementor-widget-container\">\n\t\t\t\t\t\t\t\t\t<p class=\"p1\">La Scuola dell\u2019Infanzia \u00e8 il primo grande palcoscenico sociale dei bambini. Qui il mondo si allarga: arrivano nuovi amici, nuove regole, nuove parole, nuove emozioni. \u00c8 il tempo in cui il \u201cmio\u201d incontra il \u201cnostro\u201d, in cui la fantasia corre veloce e in cui ogni domanda pu\u00f2 aprire una porta: perch\u00e9 il cielo cambia colore? Come nasce una pianta? Perch\u00e9 devo aspettare il mio turno? E soprattutto: cosa succede se mescolo il blu con il giallo?<\/p><p class=\"p1\">Nelle sedi di Cagliari e Sestu, accompagniamo i bambini dai 3 ai 5 anni in questo viaggio con un approccio educativo che unisce gioco, valori, ascolto e metodologie attive. La nostra idea di scuola \u00e8 semplice: i bambini imparano meglio quando si sentono sereni, accolti e coinvolti. Quando possono fare, provare, sbagliare, riprovare. Quando l\u2019adulto non d\u00e0 soltanto risposte, ma sa accendere domande.<\/p>\t\t\t\t\t\t\t\t<\/div>\n\t\t\t\t<\/div>\n\t\t\t\t<div class=\"elementor-element elementor-element-2329a260 elementor-widget-divider--separator-type-pattern elementor-widget-divider--no-spacing elementor-widget-divider--view-line elementor-widget elementor-widget-divider\" data-id=\"2329a260\" data-element_type=\"widget\" data-e-type=\"widget\" data-widget_type=\"divider.default\">\n\t\t\t\t<div class=\"elementor-widget-container\">\n\t\t\t\t\t\t\t<div class=\"elementor-divider\" style=\"--divider-pattern-url: url(&quot;data:image\/svg+xml,%3Csvg xmlns=&#039;http:\/\/www.w3.org\/2000\/svg&#039; preserveAspectRatio=&#039;xMidYMid meet&#039; overflow=&#039;visible&#039; height=&#039;100%&#039; viewBox=&#039;0 0 126 26&#039; fill=&#039;black&#039; stroke=&#039;none&#039;%3E%3Cpath d=&#039;M3,10.2c2.6,0,2.6,2,2.6,3.2S4.4,16.5,3,16.5s-3-1.4-3-3.2S0.4,10.2,3,10.2z M18.8,10.2c1.7,0,3.2,1.4,3.2,3.2s-1.4,3.2-3.2,3.2c-1.7,0-3.2-1.4-3.2-3.2S17,10.2,18.8,10.2z M34.6,10.2c1.5,0,2.6,1.4,2.6,3.2s-0.5,3.2-1.9,3.2c-1.5,0-3.4-1.4-3.4-3.2S33.1,10.2,34.6,10.2z M50.5,10.2c1.7,0,3.2,1.4,3.2,3.2s-1.4,3.2-3.2,3.2c-1.7,0-3.3-0.9-3.3-2.6S48.7,10.2,50.5,10.2z M66.2,10.2c1.5,0,3.4,1.4,3.4,3.2s-1.9,3.2-3.4,3.2c-1.5,0-2.6-0.4-2.6-2.1S64.8,10.2,66.2,10.2z M82.2,10.2c1.7,0.8,2.6,1.4,2.6,3.2s-0.1,3.2-1.6,3.2c-1.5,0-3.7-1.4-3.7-3.2S80.5,9.4,82.2,10.2zM98.6,10.2c1.5,0,2.6,0.4,2.6,2.1s-1.2,4.2-2.6,4.2c-1.5,0-3.7-0.4-3.7-2.1S97.1,10.2,98.6,10.2z M113.4,10.2c1.2,0,2.2,0.9,2.2,3.2s-0.1,3.2-1.3,3.2s-3.1-1.4-3.1-3.2S112.2,10.2,113.4,10.2z&#039;\/%3E%3C\/svg%3E&quot;);\">\n\t\t\t<span class=\"elementor-divider-separator\">\n\t\t\t\t\t\t<\/span>\n\t\t<\/div>\n\t\t\t\t\t\t<\/div>\n\t\t\t\t<\/div>\n\t\t\t\t<div class=\"elementor-element elementor-element-68053ab6 elementor-widget elementor-widget-heading\" data-id=\"68053ab6\" data-element_type=\"widget\" data-e-type=\"widget\" data-widget_type=\"heading.default\">\n\t\t\t\t<div class=\"elementor-widget-container\">\n\t\t\t\t\t<h3 class=\"elementor-heading-title elementor-size-default\">Il nostro progetto pedagogico<\/h3>\t\t\t\t<\/div>\n\t\t\t\t<\/div>\n\t\t\t\t<div class=\"elementor-element elementor-element-3ec844af elementor-widget elementor-widget-text-editor\" data-id=\"3ec844af\" data-element_type=\"widget\" data-e-type=\"widget\" data-widget_type=\"text-editor.default\">\n\t\t\t\t<div class=\"elementor-widget-container\">\n\t\t\t\t\t\t\t\t\t<p class=\"p1\">Il nostro progetto pedagogico lavora su quattro grandi dimensioni della crescita: autonomia, identit\u00e0, competenza e cittadinanza. Parole importanti, certo, ma nella vita quotidiana dei bambini diventano gesti molto concreti. Autonomia significa imparare a fare da soli, un bottone alla volta. Identit\u00e0 significa conoscersi, riconoscere le proprie emozioni, scoprire i propri talenti. Competenza significa osservare, raccontare, costruire, contare, confrontare. Cittadinanza significa imparare che in una comunit\u00e0 si vive meglio quando ci si ascolta, ci si rispetta e ci si aiuta.<\/p>\t\t\t\t\t\t\t\t<\/div>\n\t\t\t\t<\/div>\n\t\t\t\t\t<\/div>\n\t\t<\/div>\n\t\t\t\t\t<\/div>\n\t\t<\/section>\n\t\t\t\t<section class=\"elementor-section elementor-top-section elementor-element elementor-element-5a93e3b elementor-section-boxed elementor-section-height-default elementor-section-height-default\" data-id=\"5a93e3b\" data-element_type=\"section\" data-e-type=\"section\">\n\t\t\t\t\t\t<div class=\"elementor-container elementor-column-gap-default\">\n\t\t\t\t\t<div class=\"elementor-column elementor-col-100 elementor-top-column elementor-element elementor-element-de6864d\" data-id=\"de6864d\" data-element_type=\"column\" data-e-type=\"column\">\n\t\t\t<div class=\"elementor-widget-wrap elementor-element-populated\">\n\t\t\t\t\t\t<div class=\"elementor-element elementor-element-e41c051 elementor-widget elementor-widget-image\" data-id=\"e41c051\" data-element_type=\"widget\" data-e-type=\"widget\" data-widget_type=\"image.default\">\n\t\t\t\t<div class=\"elementor-widget-container\">\n\t\t\t\t\t\t\t\t\t\t\t\t\t\t\t<img decoding=\"async\" src=\"https:\/\/www.scuolesanfrancesco.it\/wp-content\/uploads\/elementor\/thumbs\/bambini-leggono-lezione-rn9zne6qn8qwnbjvl742751xgz8kq4r0xd735a2dc0.webp\" title=\"bambini lavorano al pregrafismo sul libro di testo\" alt=\"bambini lavorano al pregrafismo sul libro di testo\" loading=\"lazy\" \/>\t\t\t\t\t\t\t\t\t\t\t\t\t\t\t<\/div>\n\t\t\t\t<\/div>\n\t\t\t\t\t<\/div>\n\t\t<\/div>\n\t\t\t\t\t<\/div>\n\t\t<\/section>\n\t\t\t\t<section class=\"elementor-section elementor-top-section elementor-element elementor-element-5cb30dd5 elementor-section-boxed elementor-section-height-default elementor-section-height-default\" data-id=\"5cb30dd5\" data-element_type=\"section\" data-e-type=\"section\">\n\t\t\t\t\t\t<div class=\"elementor-container elementor-column-gap-default\">\n\t\t\t\t\t<div class=\"elementor-column elementor-col-100 elementor-top-column elementor-element elementor-element-197981cd\" data-id=\"197981cd\" data-element_type=\"column\" data-e-type=\"column\">\n\t\t\t<div class=\"elementor-widget-wrap elementor-element-populated\">\n\t\t\t\t\t\t<div class=\"elementor-element elementor-element-48297d7e elementor-widget elementor-widget-text-editor\" data-id=\"48297d7e\" data-element_type=\"widget\" data-e-type=\"widget\" data-widget_type=\"text-editor.default\">\n\t\t\t\t<div class=\"elementor-widget-container\">\n\t\t\t\t\t\t\t\t\t<p class=\"p1\">Le nostre educatrici lavorano con una pedagogia dell\u2019ascolto, attenta ai tempi e alle caratteristiche di ciascun bambino. Ogni piccolo ha il suo modo di entrare nel mondo: c\u2019\u00e8 chi parla tanto, chi osserva in silenzio, chi costruisce torri altissime, chi inventa storie, chi consola i compagni, chi scopre tutto passando prima dalle mani. La scuola deve saper riconoscere queste differenze e trasformarle in ricchezza.<\/p>\t\t\t\t\t\t\t\t<\/div>\n\t\t\t\t<\/div>\n\t\t\t\t<div class=\"elementor-element elementor-element-6ef3520e elementor-blockquote--skin-quotation elementor-blockquote--align-left elementor-blockquote--button-skin-link elementor-blockquote--button-view-icon elementor-widget elementor-widget-blockquote\" data-id=\"6ef3520e\" data-element_type=\"widget\" data-e-type=\"widget\" data-widget_type=\"blockquote.default\">\n\t\t\t\t<div class=\"elementor-widget-container\">\n\t\t\t\t\t\t\t<blockquote class=\"elementor-blockquote\">\n\t\t\t<p class=\"elementor-blockquote__content\">\n\t\t\t\tEducare \u00e8 un atto d\u2019amore, \u00e8 dare vita. E l\u2019amore \u00e8 esigente, chiede di impegnare le migliori risorse, di risvegliare la passione e mettersi in cammino con pazienza insieme ai giovani\t\t\t<\/p>\n\t\t\t\t\t\t\t<div class=\"e-q-footer\">\n\t\t\t\t\t\t\t\t\t\t\t<cite class=\"elementor-blockquote__author\">Papa Francesco<\/cite>\n\t\t\t\t\t\t\t\t\t\t\t\t\t\t\t\t<a href=\"https:\/\/twitter.com\/intent\/tweet?text=Educare+%C3%A8+un+atto+d%E2%80%99amore%2C+%C3%A8+dare+vita.+E+l%E2%80%99amore+%C3%A8+esigente%2C+chiede+di+impegnare+le+migliori+risorse%2C+di+risvegliare+la+passione+e+mettersi+in+cammino+con+pazienza+insieme+ai+giovani+%E2%80%94+Papa+Francesco&amp;url=https%3A%2F%2Fwww.scuolesanfrancesco.it%2Findex.php%2Fwp-json%2Fwp%2Fv2%2Fposts%2F1992&amp;via=vamtam\" class=\"elementor-blockquote__tweet-button\" target=\"_blank\">\n\t\t\t\t\t\t\t\t\t\t\t\t\t\t\t<i aria-hidden=\"true\" class=\"fab fa-twitter\"><\/i>\t\t\t\t\t\t\t\t\t\t\t\t\t\t\t\t\t<span class=\"elementor-screen-only\">Tweet<\/span>\n\t\t\t\t\t\t\t\t\t\t\t\t\t\t\t\t\t\t\t\t\t\t\t\t\t\t\t\t<\/a>\n\t\t\t\t\t\t\t\t\t<\/div>\n\t\t\t\t\t<\/blockquote>\n\t\t\t\t\t\t<\/div>\n\t\t\t\t<\/div>\n\t\t\t\t<div class=\"elementor-element elementor-element-3e3622f1 elementor-widget elementor-widget-text-editor\" data-id=\"3e3622f1\" data-element_type=\"widget\" data-e-type=\"widget\" data-widget_type=\"text-editor.default\">\n\t\t\t\t<div class=\"elementor-widget-container\">\n\t\t\t\t\t\t\t\t\t<p class=\"p1\">Per questo usiamo metodologie attive, fondate sull\u2019esperienza diretta. Il bambino non \u00e8 uno spettatore seduto in platea, ma il protagonista dell\u2019apprendimento. Manipola materiali, partecipa a laboratori creativi, esplora il movimento attraverso la psicomotricit\u00e0, si avvicina alle lingue straniere e al digitale in modo graduale e consapevole. Ogni attivit\u00e0 \u00e8 pensata per stimolare curiosit\u00e0, linguaggio, logica, creativit\u00e0 e relazione.<\/p>\t\t\t\t\t\t\t\t<\/div>\n\t\t\t\t<\/div>\n\t\t\t\t<section class=\"elementor-section elementor-inner-section elementor-element elementor-element-67f84712 elementor-section-content-middle elementor-section-boxed elementor-section-height-default elementor-section-height-default\" data-id=\"67f84712\" data-element_type=\"section\" data-e-type=\"section\">\n\t\t\t\t\t\t<div class=\"elementor-container elementor-column-gap-default\">\n\t\t\t\t\t<div class=\"elementor-column elementor-col-50 elementor-inner-column elementor-element elementor-element-3c2ee1e7\" data-id=\"3c2ee1e7\" data-element_type=\"column\" data-e-type=\"column\">\n\t\t\t<div class=\"elementor-widget-wrap elementor-element-populated\">\n\t\t\t\t\t\t<div class=\"elementor-element elementor-element-4fb161e elementor-widget elementor-widget-heading\" data-id=\"4fb161e\" data-element_type=\"widget\" data-e-type=\"widget\" data-widget_type=\"heading.default\">\n\t\t\t\t<div class=\"elementor-widget-container\">\n\t\t\t\t\t<h4 class=\"elementor-heading-title elementor-size-default\">Articoli Recenti<\/h4>\t\t\t\t<\/div>\n\t\t\t\t<\/div>\n\t\t\t\t<div class=\"elementor-element elementor-element-756aec09 elementor-widget-divider--view-line elementor-widget elementor-widget-divider\" data-id=\"756aec09\" data-element_type=\"widget\" data-e-type=\"widget\" data-widget_type=\"divider.default\">\n\t\t\t\t<div class=\"elementor-widget-container\">\n\t\t\t\t\t\t\t<div class=\"elementor-divider\">\n\t\t\t<span class=\"elementor-divider-separator\">\n\t\t\t\t\t\t<\/span>\n\t\t<\/div>\n\t\t\t\t\t\t<\/div>\n\t\t\t\t<\/div>\n\t\t\t\t<div class=\"elementor-element elementor-element-57c0a86b elementor-widget elementor-widget-wp-widget-recent-posts\" data-id=\"57c0a86b\" data-element_type=\"widget\" data-e-type=\"widget\" data-widget_type=\"wp-widget-recent-posts.default\">\n\t\t\t\t<div class=\"elementor-widget-container\">\n\t\t\t\t\t\n\t\t\n\t\t\n\t\t<ul>\n\t\t\t\t\t\t\t\t\t\t\t<li>\n\t\t\t\t\t<a href=\"https:\/\/www.scuolesanfrancesco.it\/index.php\/2026\/05\/09\/spazi-esterni-giardino-imparare-sotto-il-cielo\/\">Spazi esterni e giardino: imparare sotto il cielo<\/a>\n\t\t\t\t\t\t\t\t\t<\/li>\n\t\t\t\t\t\t\t\t\t\t\t<li>\n\t\t\t\t\t<a href=\"https:\/\/www.scuolesanfrancesco.it\/index.php\/2026\/05\/02\/spazi-interni-aule-luminose\/\">Spazi interni: aule luminose dove ogni bambino trova il suo posto<\/a>\n\t\t\t\t\t\t\t\t\t<\/li>\n\t\t\t\t\t\t\t\t\t\t\t<li>\n\t\t\t\t\t<a href=\"https:\/\/www.scuolesanfrancesco.it\/index.php\/2026\/04\/28\/scuola-infanzia-imparare-giocando-crescere\/\">Scuola dell\u2019Infanzia: imparare giocando, crescere con il cuore<\/a>\n\t\t\t\t\t\t\t\t\t<\/li>\n\t\t\t\t\t\t\t\t\t\t\t<li>\n\t\t\t\t\t<a href=\"https:\/\/www.scuolesanfrancesco.it\/index.php\/2026\/04\/24\/sezione-primavera-primo-ponte-verso-autonomia\/\">Sezione Primavera: il primo ponte verso l\u2019autonomia<\/a>\n\t\t\t\t\t\t\t\t\t<\/li>\n\t\t\t\t\t\t\t\t\t\t\t<li>\n\t\t\t\t\t<a href=\"https:\/\/www.scuolesanfrancesco.it\/index.php\/2026\/04\/04\/crescere-bene-crescere-insieme\/\">Crescere bene, crescere insieme<\/a>\n\t\t\t\t\t\t\t\t\t<\/li>\n\t\t\t\t\t<\/ul>\n\n\t\t\t\t\t\t<\/div>\n\t\t\t\t<\/div>\n\t\t\t\t\t<\/div>\n\t\t<\/div>\n\t\t\t\t<div class=\"elementor-column elementor-col-50 elementor-inner-column elementor-element elementor-element-3bfbdc34\" data-id=\"3bfbdc34\" data-element_type=\"column\" data-e-type=\"column\">\n\t\t\t<div class=\"elementor-widget-wrap elementor-element-populated\">\n\t\t\t\t\t\t<div class=\"elementor-element elementor-element-3ca6a7ed elementor-widget elementor-widget-text-editor\" data-id=\"3ca6a7ed\" data-element_type=\"widget\" data-e-type=\"widget\" data-widget_type=\"text-editor.default\">\n\t\t\t\t<div class=\"elementor-widget-container\">\n\t\t\t\t\t\t\t\t\t<p class=\"p1\">Per questo usiamo metodologie attive, fondate sull\u2019esperienza diretta. Il bambino non \u00e8 uno spettatore seduto in platea, ma il protagonista dell\u2019apprendimento. Manipola materiali, partecipa a laboratori creativi, esplora il movimento attraverso la psicomotricit\u00e0, si avvicina alle lingue straniere e al digitale in modo graduale e consapevole. Ogni attivit\u00e0 \u00e8 pensata per stimolare curiosit\u00e0, linguaggio, logica, creativit\u00e0 e relazione.<\/p>\t\t\t\t\t\t\t\t<\/div>\n\t\t\t\t<\/div>\n\t\t\t\t\t<\/div>\n\t\t<\/div>\n\t\t\t\t\t<\/div>\n\t\t<\/section>\n\t\t\t\t<div class=\"elementor-element elementor-element-5c599ee9 elementor-widget elementor-widget-text-editor\" data-id=\"5c599ee9\" data-element_type=\"widget\" data-e-type=\"widget\" data-widget_type=\"text-editor.default\">\n\t\t\t\t<div class=\"elementor-widget-container\">\n\t\t\t\t\t\t\t\t\t<p class=\"p1\">Uno dei momenti pi\u00f9 preziosi \u00e8 il circle time, uno spazio di parola e ascolto in cui i bambini imparano a raccontarsi, a rispettare il turno, a riconoscere le emozioni proprie e altrui. Sembra un semplice cerchio, ma in realt\u00e0 \u00e8 una piccola officina di democrazia gentile. L\u00ec si impara che ogni voce conta, anche quella pi\u00f9 timida. E che ascoltare \u00e8 un superpotere silenzioso.<\/p>\t\t\t\t\t\t\t\t<\/div>\n\t\t\t\t<\/div>\n\t\t\t\t<div class=\"elementor-element elementor-element-92c5b79 elementor-widget elementor-widget-heading\" data-id=\"92c5b79\" data-element_type=\"widget\" data-e-type=\"widget\" data-widget_type=\"heading.default\">\n\t\t\t\t<div class=\"elementor-widget-container\">\n\t\t\t\t\t<h3 class=\"elementor-heading-title elementor-size-default\">Ispirazione cattolica<\/h3>\t\t\t\t<\/div>\n\t\t\t\t<\/div>\n\t\t\t\t<div class=\"elementor-element elementor-element-4844483e elementor-widget elementor-widget-text-editor\" data-id=\"4844483e\" data-element_type=\"widget\" data-e-type=\"widget\" data-widget_type=\"text-editor.default\">\n\t\t\t\t<div class=\"elementor-widget-container\">\n\t\t\t\t\t\t\t\t\t<p class=\"p1\">L\u2019ispirazione cattolica delle Scuole San Francesco attraversa la giornata in modo naturale, attraverso l\u2019educazione alla gratitudine, alla gentilezza e alla meraviglia. Dire \u201cgrazie\u201d, chiedere \u201cscusa\u201d, aiutare un compagno, prendersi cura di una pianta, festeggiare insieme: sono esperienze semplici che costruiscono un clima positivo e aiutano i bambini a comprendere il valore dell\u2019altro.<\/p>\t\t\t\t\t\t\t\t<\/div>\n\t\t\t\t<\/div>\n\t\t\t\t<section class=\"elementor-section elementor-inner-section elementor-element elementor-element-3cab24bf elementor-section-content-top elementor-section-boxed elementor-section-height-default elementor-section-height-default\" data-id=\"3cab24bf\" data-element_type=\"section\" data-e-type=\"section\">\n\t\t\t\t\t\t<div class=\"elementor-container elementor-column-gap-default\">\n\t\t\t\t\t<div class=\"elementor-column elementor-col-50 elementor-inner-column elementor-element elementor-element-565b6d3d\" data-id=\"565b6d3d\" data-element_type=\"column\" data-e-type=\"column\">\n\t\t\t<div class=\"elementor-widget-wrap elementor-element-populated\">\n\t\t\t\t\t\t<div class=\"elementor-element elementor-element-59a03bfa elementor-widget elementor-widget-text-editor\" data-id=\"59a03bfa\" data-element_type=\"widget\" data-e-type=\"widget\" data-widget_type=\"text-editor.default\">\n\t\t\t\t<div class=\"elementor-widget-container\">\n\t\t\t\t\t\t\t\t\t<p class=\"p1\">Preparare alla scuola primaria, per noi, non significa anticipare forzatamente tempi e contenuti. Significa costruire basi solide: curiosit\u00e0, fiducia, autonomia, capacit\u00e0 di stare in gruppo, desiderio di imparare. Un bambino pronto non \u00e8 quello che sa gi\u00e0 tutto, ma quello che ha voglia di scoprire, sa chiedere aiuto, prova senza paura e sente di avere accanto adulti affidabili.<\/p><p>La Scuola dell\u2019Infanzia delle Scuole San Francesco \u00e8 un viaggio emozionante tra gioco e valori, verso il mondo della scuola primaria. Un viaggio fatto di colori, parole nuove, amicizie, conquiste quotidiane e piccoli capolavori con colla, carta e fantasia. Perch\u00e9 crescere \u00e8 una cosa seria, ma pu\u00f2 avere il suono allegro di una risata in aula.<\/p>\t\t\t\t\t\t\t\t<\/div>\n\t\t\t\t<\/div>\n\t\t\t\t\t<\/div>\n\t\t<\/div>\n\t\t\t\t<div class=\"elementor-column elementor-col-50 elementor-inner-column elementor-element elementor-element-4bd9534e\" data-id=\"4bd9534e\" data-element_type=\"column\" data-e-type=\"column\">\n\t\t\t<div class=\"elementor-widget-wrap elementor-element-populated\">\n\t\t\t\t\t\t<div class=\"elementor-element elementor-element-7ce9ca3 elementor-widget elementor-widget-image\" data-id=\"7ce9ca3\" data-element_type=\"widget\" data-e-type=\"widget\" data-widget_type=\"image.default\">\n\t\t\t\t<div class=\"elementor-widget-container\">\n\t\t\t\t\t\t\t\t\t\t\t\t\t\t\t<img decoding=\"async\" src=\"https:\/\/www.scuolesanfrancesco.it\/wp-content\/uploads\/elementor\/thumbs\/aule-accoglienti-2-rpqcd35l13lakbokj268z9ky9st6dsu37upelgqg7c.webp\" title=\"Aule luminose e accoglienti | Scuola dell&#8217;Infanzia Provvidenza Sacro Cuore\" alt=\"Bambini partecipano a un&#039;attivit\u00e0 di gruppo in una delle aule della Scuola dell&#039;Infanzia Provvidenza Sacro Cuore.\" loading=\"lazy\" \/>\t\t\t\t\t\t\t\t\t\t\t\t\t\t\t<\/div>\n\t\t\t\t<\/div>\n\t\t\t\t\t<\/div>\n\t\t<\/div>\n\t\t\t\t\t<\/div>\n\t\t<\/section>\n\t\t\t\t\t<\/div>\n\t\t<\/div>\n\t\t\t\t\t<\/div>\n\t\t<\/section>\n\t\t\t\t<\/div>\n\t\t","protected":false},"excerpt":{"rendered":"<p>La Scuola dell\u2019Infanzia \u00e8 il primo grande palcoscenico sociale dei bambini. Qui il mondo si allarga: arrivano nuovi amici, nuove regole, nuove parole, nuove emozioni. \u00c8 il tempo in cui il \u201cmio\u201d incontra il \u201cnostro\u201d, in cui la fantasia corre veloce e in cui ogni domanda pu\u00f2 aprire una porta: perch\u00e9 il cielo cambia colore?&#8230;<\/p>\n","protected":false},"author":1,"featured_media":7291,"comment_status":"closed","ping_status":"open","sticky":false,"template":"","format":"standard","meta":{"footnotes":""},"categories":[7,2],"tags":[42,43,52,51,41],"class_list":["post-1992","post","type-post","status-publish","format-standard","has-post-thumbnail","hentry","category-didattica-docenti","category-infanzia","tag-cagliari","tag-infanzia","tag-pedagogia","tag-scuola-infanzia","tag-sestu"],"yoast_head":"<!-- This site is optimized with the Yoast SEO plugin v28.4 - https:\/\/yoast.com\/product\/yoast-seo-wordpress\/ -->\n<title>Scuola dell\u2019Infanzia: imparare giocando, crescere con il cuore - Scuole per l&#039;infanzia San Francesco - Cagliari e Sestu<\/title>\n<meta name=\"robots\" content=\"index, follow, max-snippet:-1, max-image-preview:large, max-video-preview:-1\" \/>\n<link rel=\"canonical\" href=\"https:\/\/www.scuolesanfrancesco.it\/index.php\/2026\/04\/28\/scuola-infanzia-imparare-giocando-crescere\/\" \/>\n<meta property=\"og:locale\" content=\"it_IT\" \/>\n<meta property=\"og:type\" content=\"article\" \/>\n<meta property=\"og:title\" content=\"Scuola dell\u2019Infanzia: imparare giocando, crescere con il cuore - Scuole per l&#039;infanzia San Francesco - Cagliari e Sestu\" \/>\n<meta property=\"og:description\" content=\"La Scuola dell\u2019Infanzia \u00e8 il primo grande palcoscenico sociale dei bambini. Qui il mondo si allarga: arrivano nuovi amici, nuove regole, nuove parole, nuove emozioni. \u00c8 il tempo in cui il \u201cmio\u201d incontra il \u201cnostro\u201d, in cui la fantasia corre veloce e in cui ogni domanda pu\u00f2 aprire una porta: perch\u00e9 il cielo cambia colore?...\" \/>\n<meta property=\"og:url\" content=\"https:\/\/www.scuolesanfrancesco.it\/index.php\/2026\/04\/28\/scuola-infanzia-imparare-giocando-crescere\/\" \/>\n<meta property=\"og:site_name\" content=\"Scuole per l&#039;infanzia San Francesco - Cagliari e Sestu\" \/>\n<meta property=\"article:published_time\" content=\"2026-04-28T09:16:12+00:00\" \/>\n<meta property=\"article:modified_time\" content=\"2026-07-01T02:26:46+00:00\" \/>\n<meta property=\"og:image\" content=\"https:\/\/www.scuolesanfrancesco.it\/wp-content\/uploads\/2026\/06\/pedagodia-ascolto-2.webp\" \/>\n\t<meta property=\"og:image:width\" content=\"960\" \/>\n\t<meta property=\"og:image:height\" content=\"1280\" \/>\n\t<meta property=\"og:image:type\" content=\"image\/webp\" \/>\n<meta name=\"author\" content=\"admin\" \/>\n<meta name=\"twitter:card\" content=\"summary_large_image\" \/>\n<meta name=\"twitter:label1\" content=\"Scritto da\" \/>\n\t<meta name=\"twitter:data1\" content=\"admin\" \/>\n\t<meta name=\"twitter:label2\" content=\"Tempo di lettura stimato\" \/>\n\t<meta name=\"twitter:data2\" content=\"4 minuti\" \/>\n<script type=\"application\/ld+json\" class=\"yoast-schema-graph\">{\"@context\":\"https:\\\/\\\/schema.org\",\"@graph\":[{\"@type\":\"Article\",\"@id\":\"https:\\\/\\\/www.scuolesanfrancesco.it\\\/index.php\\\/2026\\\/04\\\/28\\\/scuola-infanzia-imparare-giocando-crescere\\\/#article\",\"isPartOf\":{\"@id\":\"https:\\\/\\\/www.scuolesanfrancesco.it\\\/index.php\\\/2026\\\/04\\\/28\\\/scuola-infanzia-imparare-giocando-crescere\\\/\"},\"author\":{\"name\":\"admin\",\"@id\":\"https:\\\/\\\/www.scuolesanfrancesco.it\\\/#\\\/schema\\\/person\\\/80dcc6b5bce9807ead8cddb9bd23a5a3\"},\"headline\":\"Scuola dell\u2019Infanzia: imparare giocando, crescere con il cuore\",\"datePublished\":\"2026-04-28T09:16:12+00:00\",\"dateModified\":\"2026-07-01T02:26:46+00:00\",\"mainEntityOfPage\":{\"@id\":\"https:\\\/\\\/www.scuolesanfrancesco.it\\\/index.php\\\/2026\\\/04\\\/28\\\/scuola-infanzia-imparare-giocando-crescere\\\/\"},\"wordCount\":675,\"publisher\":{\"@id\":\"https:\\\/\\\/www.scuolesanfrancesco.it\\\/#organization\"},\"image\":{\"@id\":\"https:\\\/\\\/www.scuolesanfrancesco.it\\\/index.php\\\/2026\\\/04\\\/28\\\/scuola-infanzia-imparare-giocando-crescere\\\/#primaryimage\"},\"thumbnailUrl\":\"https:\\\/\\\/www.scuolesanfrancesco.it\\\/wp-content\\\/uploads\\\/2026\\\/06\\\/pedagodia-ascolto-2.webp\",\"keywords\":[\"cagliari\",\"infanzia\",\"pedagogia\",\"scuola infanzia\",\"sestu\"],\"articleSection\":[\"Didattica e Docenti\",\"Infanzia\"],\"inLanguage\":\"it-IT\"},{\"@type\":\"WebPage\",\"@id\":\"https:\\\/\\\/www.scuolesanfrancesco.it\\\/index.php\\\/2026\\\/04\\\/28\\\/scuola-infanzia-imparare-giocando-crescere\\\/\",\"url\":\"https:\\\/\\\/www.scuolesanfrancesco.it\\\/index.php\\\/2026\\\/04\\\/28\\\/scuola-infanzia-imparare-giocando-crescere\\\/\",\"name\":\"Scuola dell\u2019Infanzia: imparare giocando, crescere con il cuore - Scuole per l'infanzia San Francesco - Cagliari e Sestu\",\"isPartOf\":{\"@id\":\"https:\\\/\\\/www.scuolesanfrancesco.it\\\/#website\"},\"primaryImageOfPage\":{\"@id\":\"https:\\\/\\\/www.scuolesanfrancesco.it\\\/index.php\\\/2026\\\/04\\\/28\\\/scuola-infanzia-imparare-giocando-crescere\\\/#primaryimage\"},\"image\":{\"@id\":\"https:\\\/\\\/www.scuolesanfrancesco.it\\\/index.php\\\/2026\\\/04\\\/28\\\/scuola-infanzia-imparare-giocando-crescere\\\/#primaryimage\"},\"thumbnailUrl\":\"https:\\\/\\\/www.scuolesanfrancesco.it\\\/wp-content\\\/uploads\\\/2026\\\/06\\\/pedagodia-ascolto-2.webp\",\"datePublished\":\"2026-04-28T09:16:12+00:00\",\"dateModified\":\"2026-07-01T02:26:46+00:00\",\"breadcrumb\":{\"@id\":\"https:\\\/\\\/www.scuolesanfrancesco.it\\\/index.php\\\/2026\\\/04\\\/28\\\/scuola-infanzia-imparare-giocando-crescere\\\/#breadcrumb\"},\"inLanguage\":\"it-IT\",\"potentialAction\":[{\"@type\":\"ReadAction\",\"target\":[\"https:\\\/\\\/www.scuolesanfrancesco.it\\\/index.php\\\/2026\\\/04\\\/28\\\/scuola-infanzia-imparare-giocando-crescere\\\/\"]}]},{\"@type\":\"ImageObject\",\"inLanguage\":\"it-IT\",\"@id\":\"https:\\\/\\\/www.scuolesanfrancesco.it\\\/index.php\\\/2026\\\/04\\\/28\\\/scuola-infanzia-imparare-giocando-crescere\\\/#primaryimage\",\"url\":\"https:\\\/\\\/www.scuolesanfrancesco.it\\\/wp-content\\\/uploads\\\/2026\\\/06\\\/pedagodia-ascolto-2.webp\",\"contentUrl\":\"https:\\\/\\\/www.scuolesanfrancesco.it\\\/wp-content\\\/uploads\\\/2026\\\/06\\\/pedagodia-ascolto-2.webp\",\"width\":960,\"height\":1280,\"caption\":\"Bambini esercitano le prime sillabe alla lavagna durante un'attivit\u00e0 di preparazione alla letto-scrittura.\"},{\"@type\":\"BreadcrumbList\",\"@id\":\"https:\\\/\\\/www.scuolesanfrancesco.it\\\/index.php\\\/2026\\\/04\\\/28\\\/scuola-infanzia-imparare-giocando-crescere\\\/#breadcrumb\",\"itemListElement\":[{\"@type\":\"ListItem\",\"position\":1,\"name\":\"Home\",\"item\":\"https:\\\/\\\/www.scuolesanfrancesco.it\\\/\"},{\"@type\":\"ListItem\",\"position\":2,\"name\":\"Scuola dell\u2019Infanzia: imparare giocando, crescere con il cuore\"}]},{\"@type\":\"WebSite\",\"@id\":\"https:\\\/\\\/www.scuolesanfrancesco.it\\\/#website\",\"url\":\"https:\\\/\\\/www.scuolesanfrancesco.it\\\/\",\"name\":\"Scuole per l'infanzia San Francesco - Cagliari e Sestu\",\"description\":\"Scuola Provv. Sacro Cuore di Cagliari e Scuola Dott. Manunza di Sestu\",\"publisher\":{\"@id\":\"https:\\\/\\\/www.scuolesanfrancesco.it\\\/#organization\"},\"potentialAction\":[{\"@type\":\"SearchAction\",\"target\":{\"@type\":\"EntryPoint\",\"urlTemplate\":\"https:\\\/\\\/www.scuolesanfrancesco.it\\\/?s={search_term_string}\"},\"query-input\":{\"@type\":\"PropertyValueSpecification\",\"valueRequired\":true,\"valueName\":\"search_term_string\"}}],\"inLanguage\":\"it-IT\"},{\"@type\":\"Organization\",\"@id\":\"https:\\\/\\\/www.scuolesanfrancesco.it\\\/#organization\",\"name\":\"Scuole per l'infanzia San Francesco - Cagliari e Sestu\",\"url\":\"https:\\\/\\\/www.scuolesanfrancesco.it\\\/\",\"logo\":{\"@type\":\"ImageObject\",\"inLanguage\":\"it-IT\",\"@id\":\"https:\\\/\\\/www.scuolesanfrancesco.it\\\/#\\\/schema\\\/logo\\\/image\\\/\",\"url\":\"https:\\\/\\\/www.scuolesanfrancesco.it\\\/wp-content\\\/uploads\\\/2026\\\/06\\\/cropped-scuole-sanfrancesco-logo-2026.webp\",\"contentUrl\":\"https:\\\/\\\/www.scuolesanfrancesco.it\\\/wp-content\\\/uploads\\\/2026\\\/06\\\/cropped-scuole-sanfrancesco-logo-2026.webp\",\"width\":956,\"height\":480,\"caption\":\"Scuole per l'infanzia San Francesco - Cagliari e Sestu\"},\"image\":{\"@id\":\"https:\\\/\\\/www.scuolesanfrancesco.it\\\/#\\\/schema\\\/logo\\\/image\\\/\"}},{\"@type\":\"Person\",\"@id\":\"https:\\\/\\\/www.scuolesanfrancesco.it\\\/#\\\/schema\\\/person\\\/80dcc6b5bce9807ead8cddb9bd23a5a3\",\"name\":\"admin\",\"image\":{\"@type\":\"ImageObject\",\"inLanguage\":\"it-IT\",\"@id\":\"https:\\\/\\\/secure.gravatar.com\\\/avatar\\\/56382e5b08512bfbc85c615503c2966dd13559d95cd6d6ac5f8129a9714c2170?s=96&d=mm&r=g\",\"url\":\"https:\\\/\\\/secure.gravatar.com\\\/avatar\\\/56382e5b08512bfbc85c615503c2966dd13559d95cd6d6ac5f8129a9714c2170?s=96&d=mm&r=g\",\"contentUrl\":\"https:\\\/\\\/secure.gravatar.com\\\/avatar\\\/56382e5b08512bfbc85c615503c2966dd13559d95cd6d6ac5f8129a9714c2170?s=96&d=mm&r=g\",\"caption\":\"admin\"},\"sameAs\":[\"http:\\\/\\\/www.scuolesanfrancesco.it\"],\"url\":\"https:\\\/\\\/www.scuolesanfrancesco.it\\\/index.php\\\/author\\\/admin\\\/\"}]}<\/script>\n<!-- \/ Yoast SEO plugin. -->","yoast_head_json":{"title":"Scuola dell\u2019Infanzia: imparare giocando, crescere con il cuore - Scuole per l'infanzia San Francesco - Cagliari e Sestu","robots":{"index":"index","follow":"follow","max-snippet":"max-snippet:-1","max-image-preview":"max-image-preview:large","max-video-preview":"max-video-preview:-1"},"canonical":"https:\/\/www.scuolesanfrancesco.it\/index.php\/2026\/04\/28\/scuola-infanzia-imparare-giocando-crescere\/","og_locale":"it_IT","og_type":"article","og_title":"Scuola dell\u2019Infanzia: imparare giocando, crescere con il cuore - Scuole per l'infanzia San Francesco - Cagliari e Sestu","og_description":"La Scuola dell\u2019Infanzia \u00e8 il primo grande palcoscenico sociale dei bambini. Qui il mondo si allarga: arrivano nuovi amici, nuove regole, nuove parole, nuove emozioni. \u00c8 il tempo in cui il \u201cmio\u201d incontra il \u201cnostro\u201d, in cui la fantasia corre veloce e in cui ogni domanda pu\u00f2 aprire una porta: perch\u00e9 il cielo cambia colore?...","og_url":"https:\/\/www.scuolesanfrancesco.it\/index.php\/2026\/04\/28\/scuola-infanzia-imparare-giocando-crescere\/","og_site_name":"Scuole per l'infanzia San Francesco - Cagliari e Sestu","article_published_time":"2026-04-28T09:16:12+00:00","article_modified_time":"2026-07-01T02:26:46+00:00","og_image":[{"width":960,"height":1280,"url":"https:\/\/www.scuolesanfrancesco.it\/wp-content\/uploads\/2026\/06\/pedagodia-ascolto-2.webp","type":"image\/webp"}],"author":"admin","twitter_card":"summary_large_image","twitter_misc":{"Scritto da":"admin","Tempo di lettura stimato":"4 minuti"},"schema":{"@context":"https:\/\/schema.org","@graph":[{"@type":"Article","@id":"https:\/\/www.scuolesanfrancesco.it\/index.php\/2026\/04\/28\/scuola-infanzia-imparare-giocando-crescere\/#article","isPartOf":{"@id":"https:\/\/www.scuolesanfrancesco.it\/index.php\/2026\/04\/28\/scuola-infanzia-imparare-giocando-crescere\/"},"author":{"name":"admin","@id":"https:\/\/www.scuolesanfrancesco.it\/#\/schema\/person\/80dcc6b5bce9807ead8cddb9bd23a5a3"},"headline":"Scuola dell\u2019Infanzia: imparare giocando, crescere con il cuore","datePublished":"2026-04-28T09:16:12+00:00","dateModified":"2026-07-01T02:26:46+00:00","mainEntityOfPage":{"@id":"https:\/\/www.scuolesanfrancesco.it\/index.php\/2026\/04\/28\/scuola-infanzia-imparare-giocando-crescere\/"},"wordCount":675,"publisher":{"@id":"https:\/\/www.scuolesanfrancesco.it\/#organization"},"image":{"@id":"https:\/\/www.scuolesanfrancesco.it\/index.php\/2026\/04\/28\/scuola-infanzia-imparare-giocando-crescere\/#primaryimage"},"thumbnailUrl":"https:\/\/www.scuolesanfrancesco.it\/wp-content\/uploads\/2026\/06\/pedagodia-ascolto-2.webp","keywords":["cagliari","infanzia","pedagogia","scuola infanzia","sestu"],"articleSection":["Didattica e Docenti","Infanzia"],"inLanguage":"it-IT"},{"@type":"WebPage","@id":"https:\/\/www.scuolesanfrancesco.it\/index.php\/2026\/04\/28\/scuola-infanzia-imparare-giocando-crescere\/","url":"https:\/\/www.scuolesanfrancesco.it\/index.php\/2026\/04\/28\/scuola-infanzia-imparare-giocando-crescere\/","name":"Scuola dell\u2019Infanzia: imparare giocando, crescere con il cuore - Scuole per l'infanzia San Francesco - Cagliari e Sestu","isPartOf":{"@id":"https:\/\/www.scuolesanfrancesco.it\/#website"},"primaryImageOfPage":{"@id":"https:\/\/www.scuolesanfrancesco.it\/index.php\/2026\/04\/28\/scuola-infanzia-imparare-giocando-crescere\/#primaryimage"},"image":{"@id":"https:\/\/www.scuolesanfrancesco.it\/index.php\/2026\/04\/28\/scuola-infanzia-imparare-giocando-crescere\/#primaryimage"},"thumbnailUrl":"https:\/\/www.scuolesanfrancesco.it\/wp-content\/uploads\/2026\/06\/pedagodia-ascolto-2.webp","datePublished":"2026-04-28T09:16:12+00:00","dateModified":"2026-07-01T02:26:46+00:00","breadcrumb":{"@id":"https:\/\/www.scuolesanfrancesco.it\/index.php\/2026\/04\/28\/scuola-infanzia-imparare-giocando-crescere\/#breadcrumb"},"inLanguage":"it-IT","potentialAction":[{"@type":"ReadAction","target":["https:\/\/www.scuolesanfrancesco.it\/index.php\/2026\/04\/28\/scuola-infanzia-imparare-giocando-crescere\/"]}]},{"@type":"ImageObject","inLanguage":"it-IT","@id":"https:\/\/www.scuolesanfrancesco.it\/index.php\/2026\/04\/28\/scuola-infanzia-imparare-giocando-crescere\/#primaryimage","url":"https:\/\/www.scuolesanfrancesco.it\/wp-content\/uploads\/2026\/06\/pedagodia-ascolto-2.webp","contentUrl":"https:\/\/www.scuolesanfrancesco.it\/wp-content\/uploads\/2026\/06\/pedagodia-ascolto-2.webp","width":960,"height":1280,"caption":"Bambini esercitano le prime sillabe alla lavagna durante un'attivit\u00e0 di preparazione alla letto-scrittura."},{"@type":"BreadcrumbList","@id":"https:\/\/www.scuolesanfrancesco.it\/index.php\/2026\/04\/28\/scuola-infanzia-imparare-giocando-crescere\/#breadcrumb","itemListElement":[{"@type":"ListItem","position":1,"name":"Home","item":"https:\/\/www.scuolesanfrancesco.it\/"},{"@type":"ListItem","position":2,"name":"Scuola dell\u2019Infanzia: imparare giocando, crescere con il cuore"}]},{"@type":"WebSite","@id":"https:\/\/www.scuolesanfrancesco.it\/#website","url":"https:\/\/www.scuolesanfrancesco.it\/","name":"Scuole per l'infanzia San Francesco - Cagliari e Sestu","description":"Scuola Provv. Sacro Cuore di Cagliari e Scuola Dott. Manunza di Sestu","publisher":{"@id":"https:\/\/www.scuolesanfrancesco.it\/#organization"},"potentialAction":[{"@type":"SearchAction","target":{"@type":"EntryPoint","urlTemplate":"https:\/\/www.scuolesanfrancesco.it\/?s={search_term_string}"},"query-input":{"@type":"PropertyValueSpecification","valueRequired":true,"valueName":"search_term_string"}}],"inLanguage":"it-IT"},{"@type":"Organization","@id":"https:\/\/www.scuolesanfrancesco.it\/#organization","name":"Scuole per l'infanzia San Francesco - Cagliari e Sestu","url":"https:\/\/www.scuolesanfrancesco.it\/","logo":{"@type":"ImageObject","inLanguage":"it-IT","@id":"https:\/\/www.scuolesanfrancesco.it\/#\/schema\/logo\/image\/","url":"https:\/\/www.scuolesanfrancesco.it\/wp-content\/uploads\/2026\/06\/cropped-scuole-sanfrancesco-logo-2026.webp","contentUrl":"https:\/\/www.scuolesanfrancesco.it\/wp-content\/uploads\/2026\/06\/cropped-scuole-sanfrancesco-logo-2026.webp","width":956,"height":480,"caption":"Scuole per l'infanzia San Francesco - Cagliari e Sestu"},"image":{"@id":"https:\/\/www.scuolesanfrancesco.it\/#\/schema\/logo\/image\/"}},{"@type":"Person","@id":"https:\/\/www.scuolesanfrancesco.it\/#\/schema\/person\/80dcc6b5bce9807ead8cddb9bd23a5a3","name":"admin","image":{"@type":"ImageObject","inLanguage":"it-IT","@id":"https:\/\/secure.gravatar.com\/avatar\/56382e5b08512bfbc85c615503c2966dd13559d95cd6d6ac5f8129a9714c2170?s=96&d=mm&r=g","url":"https:\/\/secure.gravatar.com\/avatar\/56382e5b08512bfbc85c615503c2966dd13559d95cd6d6ac5f8129a9714c2170?s=96&d=mm&r=g","contentUrl":"https:\/\/secure.gravatar.com\/avatar\/56382e5b08512bfbc85c615503c2966dd13559d95cd6d6ac5f8129a9714c2170?s=96&d=mm&r=g","caption":"admin"},"sameAs":["http:\/\/www.scuolesanfrancesco.it"],"url":"https:\/\/www.scuolesanfrancesco.it\/index.php\/author\/admin\/"}]}},"_links":{"self":[{"href":"https:\/\/www.scuolesanfrancesco.it\/index.php\/wp-json\/wp\/v2\/posts\/1992","targetHints":{"allow":["GET"]}}],"collection":[{"href":"https:\/\/www.scuolesanfrancesco.it\/index.php\/wp-json\/wp\/v2\/posts"}],"about":[{"href":"https:\/\/www.scuolesanfrancesco.it\/index.php\/wp-json\/wp\/v2\/types\/post"}],"author":[{"embeddable":true,"href":"https:\/\/www.scuolesanfrancesco.it\/index.php\/wp-json\/wp\/v2\/users\/1"}],"replies":[{"embeddable":true,"href":"https:\/\/www.scuolesanfrancesco.it\/index.php\/wp-json\/wp\/v2\/comments?post=1992"}],"version-history":[{"count":6,"href":"https:\/\/www.scuolesanfrancesco.it\/index.php\/wp-json\/wp\/v2\/posts\/1992\/revisions"}],"predecessor-version":[{"id":7418,"href":"https:\/\/www.scuolesanfrancesco.it\/index.php\/wp-json\/wp\/v2\/posts\/1992\/revisions\/7418"}],"wp:featuredmedia":[{"embeddable":true,"href":"https:\/\/www.scuolesanfrancesco.it\/index.php\/wp-json\/wp\/v2\/media\/7291"}],"wp:attachment":[{"href":"https:\/\/www.scuolesanfrancesco.it\/index.php\/wp-json\/wp\/v2\/media?parent=1992"}],"wp:term":[{"taxonomy":"category","embeddable":true,"href":"https:\/\/www.scuolesanfrancesco.it\/index.php\/wp-json\/wp\/v2\/categories?post=1992"},{"taxonomy":"post_tag","embeddable":true,"href":"https:\/\/www.scuolesanfrancesco.it\/index.php\/wp-json\/wp\/v2\/tags?post=1992"}],"curies":[{"name":"wp","href":"https:\/\/api.w.org\/{rel}","templated":true}]}}