{"id":1996,"date":"2026-04-24T11:11:49","date_gmt":"2026-04-24T11:11:49","guid":{"rendered":"https:\/\/skole.vamtam.com\/?p=1996"},"modified":"2026-07-01T02:28:25","modified_gmt":"2026-07-01T02:28:25","slug":"sezione-primavera-primo-ponte-verso-autonomia","status":"publish","type":"post","link":"https:\/\/www.scuolesanfrancesco.it\/index.php\/2026\/04\/24\/sezione-primavera-primo-ponte-verso-autonomia\/","title":{"rendered":"Sezione Primavera: il primo ponte verso l\u2019autonomia"},"content":{"rendered":"\t\t<div data-elementor-type=\"wp-post\" data-elementor-id=\"1996\" class=\"elementor elementor-1996\" data-elementor-post-type=\"post\">\n\t\t\t\t\t\t<section class=\"elementor-section elementor-top-section elementor-element elementor-element-3d9b0c46 elementor-section-boxed elementor-section-height-default elementor-section-height-default\" data-id=\"3d9b0c46\" data-element_type=\"section\" data-e-type=\"section\">\n\t\t\t\t\t\t<div class=\"elementor-container elementor-column-gap-default\">\n\t\t\t\t\t<div class=\"elementor-column elementor-col-100 elementor-top-column elementor-element elementor-element-56724da7\" data-id=\"56724da7\" data-element_type=\"column\" data-e-type=\"column\">\n\t\t\t<div class=\"elementor-widget-wrap elementor-element-populated\">\n\t\t\t\t\t\t<div class=\"elementor-element elementor-element-3f08137b elementor-drop-cap-yes elementor-drop-cap-view-default elementor-widget elementor-widget-text-editor\" data-id=\"3f08137b\" data-element_type=\"widget\" data-e-type=\"widget\" data-settings=\"{&quot;drop_cap&quot;:&quot;yes&quot;}\" data-widget_type=\"text-editor.default\">\n\t\t\t\t<div class=\"elementor-widget-container\">\n\t\t\t\t\t\t\t\t\t<p class=\"p1\">Ci sono passaggi della crescita che assomigliano a piccoli ponti. Da una parte c\u2019\u00e8 il mondo protetto della casa, con i suoi rituali, le sue voci familiari, i suoi abbracci sempre a portata di mano. Dall\u2019altra c\u2019\u00e8 la scoperta della scuola, dei compagni, dei giochi condivisi, delle prime autonomie. La Sezione Primavera delle Scuole San Francesco nasce proprio per accompagnare i bambini dai 24 ai 36 mesi in questo attraversamento dolce e importante.<\/p><p class=\"p1\">\u00c8 una tappa delicata, lo sappiamo bene. Per molti bambini \u00e8 la prima vera esperienza lontano dalla famiglia. Per molti genitori \u00e8 il primo grande esercizio di fiducia. Ecco perch\u00e9 l\u2019accoglienza, nelle nostre sedi di Sestu e Cagliari, non \u00e8 mai una procedura veloce, ma un rituale fatto di ascolto, gradualit\u00e0 e attenzione.<\/p>\t\t\t\t\t\t\t\t<\/div>\n\t\t\t\t<\/div>\n\t\t\t\t<div class=\"elementor-element elementor-element-7ae57dbb elementor-widget-divider--separator-type-pattern elementor-widget-divider--no-spacing elementor-widget-divider--view-line elementor-widget elementor-widget-divider\" data-id=\"7ae57dbb\" data-element_type=\"widget\" data-e-type=\"widget\" data-widget_type=\"divider.default\">\n\t\t\t\t<div class=\"elementor-widget-container\">\n\t\t\t\t\t\t\t<div class=\"elementor-divider\" style=\"--divider-pattern-url: url(&quot;data:image\/svg+xml,%3Csvg xmlns=&#039;http:\/\/www.w3.org\/2000\/svg&#039; preserveAspectRatio=&#039;xMidYMid meet&#039; overflow=&#039;visible&#039; height=&#039;100%&#039; viewBox=&#039;0 0 126 26&#039; fill=&#039;black&#039; stroke=&#039;none&#039;%3E%3Cpath d=&#039;M3,10.2c2.6,0,2.6,2,2.6,3.2S4.4,16.5,3,16.5s-3-1.4-3-3.2S0.4,10.2,3,10.2z M18.8,10.2c1.7,0,3.2,1.4,3.2,3.2s-1.4,3.2-3.2,3.2c-1.7,0-3.2-1.4-3.2-3.2S17,10.2,18.8,10.2z M34.6,10.2c1.5,0,2.6,1.4,2.6,3.2s-0.5,3.2-1.9,3.2c-1.5,0-3.4-1.4-3.4-3.2S33.1,10.2,34.6,10.2z M50.5,10.2c1.7,0,3.2,1.4,3.2,3.2s-1.4,3.2-3.2,3.2c-1.7,0-3.3-0.9-3.3-2.6S48.7,10.2,50.5,10.2z M66.2,10.2c1.5,0,3.4,1.4,3.4,3.2s-1.9,3.2-3.4,3.2c-1.5,0-2.6-0.4-2.6-2.1S64.8,10.2,66.2,10.2z M82.2,10.2c1.7,0.8,2.6,1.4,2.6,3.2s-0.1,3.2-1.6,3.2c-1.5,0-3.7-1.4-3.7-3.2S80.5,9.4,82.2,10.2zM98.6,10.2c1.5,0,2.6,0.4,2.6,2.1s-1.2,4.2-2.6,4.2c-1.5,0-3.7-0.4-3.7-2.1S97.1,10.2,98.6,10.2z M113.4,10.2c1.2,0,2.2,0.9,2.2,3.2s-0.1,3.2-1.3,3.2s-3.1-1.4-3.1-3.2S112.2,10.2,113.4,10.2z&#039;\/%3E%3C\/svg%3E&quot;);\">\n\t\t\t<span class=\"elementor-divider-separator\">\n\t\t\t\t\t\t<\/span>\n\t\t<\/div>\n\t\t\t\t\t\t<\/div>\n\t\t\t\t<\/div>\n\t\t\t\t<div class=\"elementor-element elementor-element-4e08c52a elementor-widget elementor-widget-heading\" data-id=\"4e08c52a\" data-element_type=\"widget\" data-e-type=\"widget\" data-widget_type=\"heading.default\">\n\t\t\t\t<div class=\"elementor-widget-container\">\n\t\t\t\t\t<h3 class=\"elementor-heading-title elementor-size-default\">Accogliere l'unicit\u00e0 di ogni bambino<\/h3>\t\t\t\t<\/div>\n\t\t\t\t<\/div>\n\t\t\t\t<div class=\"elementor-element elementor-element-43e30160 elementor-widget elementor-widget-text-editor\" data-id=\"43e30160\" data-element_type=\"widget\" data-e-type=\"widget\" data-widget_type=\"text-editor.default\">\n\t\t\t\t<div class=\"elementor-widget-container\">\n\t\t\t\t\t\t\t\t\t<p class=\"p1\">Ogni bambino arriva con il proprio piccolo bagaglio invisibile: abitudini, oggetti del cuore, parole speciali, paure, curiosit\u00e0, modi diversi di chiedere conforto. Le nostre educatrici osservano, ascoltano, accompagnano. Il tempo dell\u2019inserimento viene rispettato con delicatezza, senza forzature. L\u2019obiettivo \u00e8 semplice e prezioso: far percepire la scuola come un luogo sicuro, dove mamma e pap\u00e0 possono salutare con serenit\u00e0 perch\u00e9 il bambino si sente accolto davvero.<\/p><p class=\"p1\">Nella Sezione Primavera tutto \u00e8 pensato a misura di piccoli esploratori. Gli ambienti sono protetti, caldi, rassicuranti. I materiali invitano a toccare, provare, spostare, impilare, travasare. Perch\u00e9 a 2 anni il mondo si conosce con tutto il corpo: mani curiose, piedini in movimento, occhi spalancati e quella meravigliosa seriet\u00e0 con cui i bambini osservano una pozzanghera, un cucchiaio o un cubetto colorato come se fossero grandi scoperte scientifiche.<\/p>\t\t\t\t\t\t\t\t<\/div>\n\t\t\t\t<\/div>\n\t\t\t\t\t<\/div>\n\t\t<\/div>\n\t\t\t\t\t<\/div>\n\t\t<\/section>\n\t\t\t\t<section class=\"elementor-section elementor-top-section elementor-element elementor-element-5ea6ac6 elementor-section-boxed elementor-section-height-default elementor-section-height-default\" data-id=\"5ea6ac6\" data-element_type=\"section\" data-e-type=\"section\">\n\t\t\t\t\t\t<div class=\"elementor-container elementor-column-gap-default\">\n\t\t\t\t\t<div class=\"elementor-column elementor-col-100 elementor-top-column elementor-element elementor-element-7df0d3b\" data-id=\"7df0d3b\" data-element_type=\"column\" data-e-type=\"column\">\n\t\t\t<div class=\"elementor-widget-wrap elementor-element-populated\">\n\t\t\t\t\t\t<div class=\"elementor-element elementor-element-e6dfa7a elementor-widget elementor-widget-image\" data-id=\"e6dfa7a\" data-element_type=\"widget\" data-e-type=\"widget\" data-widget_type=\"image.default\">\n\t\t\t\t<div class=\"elementor-widget-container\">\n\t\t\t\t\t\t\t\t\t\t\t\t\t\t\t<img fetchpriority=\"high\" decoding=\"async\" width=\"1024\" height=\"768\" src=\"https:\/\/www.scuolesanfrancesco.it\/wp-content\/uploads\/2026\/05\/aula-1024x768.webp\" class=\"attachment-large size-large wp-image-7075\" alt=\"aula della sezione primavera\" srcset=\"https:\/\/www.scuolesanfrancesco.it\/wp-content\/uploads\/2026\/05\/aula-1024x768.webp 1024w, https:\/\/www.scuolesanfrancesco.it\/wp-content\/uploads\/2026\/05\/aula-300x225.webp 300w, https:\/\/www.scuolesanfrancesco.it\/wp-content\/uploads\/2026\/05\/aula-768x576.webp 768w, https:\/\/www.scuolesanfrancesco.it\/wp-content\/uploads\/2026\/05\/aula.webp 1280w\" sizes=\"(max-width: 1024px) 100vw, 1024px\" \/>\t\t\t\t\t\t\t\t\t\t\t\t\t\t\t<\/div>\n\t\t\t\t<\/div>\n\t\t\t\t\t<\/div>\n\t\t<\/div>\n\t\t\t\t\t<\/div>\n\t\t<\/section>\n\t\t\t\t<section class=\"elementor-section elementor-top-section elementor-element elementor-element-2dd7ed2e elementor-section-boxed elementor-section-height-default elementor-section-height-default\" data-id=\"2dd7ed2e\" data-element_type=\"section\" data-e-type=\"section\">\n\t\t\t\t\t\t<div class=\"elementor-container elementor-column-gap-default\">\n\t\t\t\t\t<div class=\"elementor-column elementor-col-100 elementor-top-column elementor-element elementor-element-752a3374\" data-id=\"752a3374\" data-element_type=\"column\" data-e-type=\"column\">\n\t\t\t<div class=\"elementor-widget-wrap elementor-element-populated\">\n\t\t\t\t\t\t<div class=\"elementor-element elementor-element-5ee20d9d elementor-widget elementor-widget-text-editor\" data-id=\"5ee20d9d\" data-element_type=\"widget\" data-e-type=\"widget\" data-widget_type=\"text-editor.default\">\n\t\t\t\t<div class=\"elementor-widget-container\">\n\t\t\t\t\t\t\t\t\t<p class=\"p1\">Le attivit\u00e0 proposte valorizzano soprattutto l\u2019esperienza sensoriale e motoria. Farina, acqua, terra, colori, musica, percorsi psicomotori e giochi simbolici diventano strumenti per sviluppare coordinazione, linguaggio, socialit\u00e0 e fiducia. Non si tratta di \u201cfare lavoretti\u201d per riempire il tempo, ma di vivere esperienze che aiutano il bambino a costruire competenze profonde, anche quando sembra solo impegnato a travasare ceci da una ciotola all\u2019altra con l\u2019aria concentrata di un piccolo ingegnere della merenda.<\/p>\t\t\t\t\t\t\t\t<\/div>\n\t\t\t\t<\/div>\n\t\t\t\t<div class=\"elementor-element elementor-element-75e0c479 elementor-blockquote--skin-quotation elementor-blockquote--align-left elementor-blockquote--button-skin-link elementor-blockquote--button-view-icon elementor-widget elementor-widget-blockquote\" data-id=\"75e0c479\" data-element_type=\"widget\" data-e-type=\"widget\" data-widget_type=\"blockquote.default\">\n\t\t\t\t<div class=\"elementor-widget-container\">\n\t\t\t\t\t\t\t<blockquote class=\"elementor-blockquote\">\n\t\t\t<p class=\"elementor-blockquote__content\">\n\t\t\t\tPer educare bene i bambini occorre amarli, e amarli tutti allo stesso modo.\t\t\t<\/p>\n\t\t\t\t\t\t\t<div class=\"e-q-footer\">\n\t\t\t\t\t\t\t\t\t\t\t<cite class=\"elementor-blockquote__author\">San Marcellino Champagnat<\/cite>\n\t\t\t\t\t\t\t\t\t\t\t\t\t\t\t\t<a href=\"https:\/\/twitter.com\/intent\/tweet?text=Per+educare+bene+i+bambini+occorre+amarli%2C+e+amarli+tutti+allo+stesso+modo.+%E2%80%94+San+Marcellino+Champagnat&amp;url=https%3A%2F%2Fwww.scuolesanfrancesco.it%2Findex.php%2Fwp-json%2Fwp%2Fv2%2Fposts%2F1996&amp;via=vamtam\" class=\"elementor-blockquote__tweet-button\" target=\"_blank\">\n\t\t\t\t\t\t\t\t\t\t\t\t\t\t\t<i aria-hidden=\"true\" class=\"fab fa-twitter\"><\/i>\t\t\t\t\t\t\t\t\t\t\t\t\t\t\t\t\t<span class=\"elementor-screen-only\">Tweet<\/span>\n\t\t\t\t\t\t\t\t\t\t\t\t\t\t\t\t\t\t\t\t\t\t\t\t\t\t\t\t<\/a>\n\t\t\t\t\t\t\t\t\t<\/div>\n\t\t\t\t\t<\/blockquote>\n\t\t\t\t\t\t<\/div>\n\t\t\t\t<\/div>\n\t\t\t\t<div class=\"elementor-element elementor-element-471eb143 elementor-widget elementor-widget-text-editor\" data-id=\"471eb143\" data-element_type=\"widget\" data-e-type=\"widget\" data-widget_type=\"text-editor.default\">\n\t\t\t\t<div class=\"elementor-widget-container\">\n\t\t\t\t\t\t\t\t\t<p class=\"p1\">Anche la cura quotidiana \u00e8 parte essenziale del percorso educativo. Il pasto, il cambio, il riposo non sono momenti secondari, ma occasioni di relazione. Durante il pranzo si sperimentano nuovi sapori e si impara a usare le posate. Durante il cambio si nominano le parti del corpo, si costruisce fiducia, si rafforza il linguaggio. Nel momento della nanna si crea un\u2019atmosfera calma e rassicurante, in cui il bambino pu\u00f2 recuperare energie sentendosi protetto.<\/p>\t\t\t\t\t\t\t\t<\/div>\n\t\t\t\t<\/div>\n\t\t\t\t<section class=\"elementor-section elementor-inner-section elementor-element elementor-element-3aee8562 elementor-section-content-middle elementor-section-boxed elementor-section-height-default elementor-section-height-default\" data-id=\"3aee8562\" data-element_type=\"section\" data-e-type=\"section\">\n\t\t\t\t\t\t<div class=\"elementor-container elementor-column-gap-default\">\n\t\t\t\t\t<div class=\"elementor-column elementor-col-50 elementor-inner-column elementor-element elementor-element-5c026010\" data-id=\"5c026010\" data-element_type=\"column\" data-e-type=\"column\">\n\t\t\t<div class=\"elementor-widget-wrap elementor-element-populated\">\n\t\t\t\t\t\t<div class=\"elementor-element elementor-element-541d9af elementor-widget elementor-widget-heading\" data-id=\"541d9af\" data-element_type=\"widget\" data-e-type=\"widget\" data-widget_type=\"heading.default\">\n\t\t\t\t<div class=\"elementor-widget-container\">\n\t\t\t\t\t<h4 class=\"elementor-heading-title elementor-size-default\">Articoli Recenti<\/h4>\t\t\t\t<\/div>\n\t\t\t\t<\/div>\n\t\t\t\t<div class=\"elementor-element elementor-element-1c6e040d elementor-widget-divider--view-line elementor-widget elementor-widget-divider\" data-id=\"1c6e040d\" data-element_type=\"widget\" data-e-type=\"widget\" data-widget_type=\"divider.default\">\n\t\t\t\t<div class=\"elementor-widget-container\">\n\t\t\t\t\t\t\t<div class=\"elementor-divider\">\n\t\t\t<span class=\"elementor-divider-separator\">\n\t\t\t\t\t\t<\/span>\n\t\t<\/div>\n\t\t\t\t\t\t<\/div>\n\t\t\t\t<\/div>\n\t\t\t\t<div class=\"elementor-element elementor-element-4c16f5a1 elementor-widget elementor-widget-wp-widget-recent-posts\" data-id=\"4c16f5a1\" data-element_type=\"widget\" data-e-type=\"widget\" data-widget_type=\"wp-widget-recent-posts.default\">\n\t\t\t\t<div class=\"elementor-widget-container\">\n\t\t\t\t\t\n\t\t\n\t\t\n\t\t<ul>\n\t\t\t\t\t\t\t\t\t\t\t<li>\n\t\t\t\t\t<a href=\"https:\/\/www.scuolesanfrancesco.it\/index.php\/2026\/05\/09\/spazi-esterni-giardino-imparare-sotto-il-cielo\/\">Spazi esterni e giardino: imparare sotto il cielo<\/a>\n\t\t\t\t\t\t\t\t\t<\/li>\n\t\t\t\t\t\t\t\t\t\t\t<li>\n\t\t\t\t\t<a href=\"https:\/\/www.scuolesanfrancesco.it\/index.php\/2026\/05\/02\/spazi-interni-aule-luminose\/\">Spazi interni: aule luminose dove ogni bambino trova il suo posto<\/a>\n\t\t\t\t\t\t\t\t\t<\/li>\n\t\t\t\t\t\t\t\t\t\t\t<li>\n\t\t\t\t\t<a href=\"https:\/\/www.scuolesanfrancesco.it\/index.php\/2026\/04\/28\/scuola-infanzia-imparare-giocando-crescere\/\">Scuola dell\u2019Infanzia: imparare giocando, crescere con il cuore<\/a>\n\t\t\t\t\t\t\t\t\t<\/li>\n\t\t\t\t\t\t\t\t\t\t\t<li>\n\t\t\t\t\t<a href=\"https:\/\/www.scuolesanfrancesco.it\/index.php\/2026\/04\/24\/sezione-primavera-primo-ponte-verso-autonomia\/\">Sezione Primavera: il primo ponte verso l\u2019autonomia<\/a>\n\t\t\t\t\t\t\t\t\t<\/li>\n\t\t\t\t\t\t\t\t\t\t\t<li>\n\t\t\t\t\t<a href=\"https:\/\/www.scuolesanfrancesco.it\/index.php\/2026\/04\/04\/crescere-bene-crescere-insieme\/\">Crescere bene, crescere insieme<\/a>\n\t\t\t\t\t\t\t\t\t<\/li>\n\t\t\t\t\t<\/ul>\n\n\t\t\t\t\t\t<\/div>\n\t\t\t\t<\/div>\n\t\t\t\t\t<\/div>\n\t\t<\/div>\n\t\t\t\t<div class=\"elementor-column elementor-col-50 elementor-inner-column elementor-element elementor-element-23454a68\" data-id=\"23454a68\" data-element_type=\"column\" data-e-type=\"column\">\n\t\t\t<div class=\"elementor-widget-wrap elementor-element-populated\">\n\t\t\t\t\t\t<div class=\"elementor-element elementor-element-227037b0 elementor-widget elementor-widget-text-editor\" data-id=\"227037b0\" data-element_type=\"widget\" data-e-type=\"widget\" data-widget_type=\"text-editor.default\">\n\t\t\t\t<div class=\"elementor-widget-container\">\n\t\t\t\t\t\t\t\t\t<p class=\"p1\">La Sezione Primavera \u00e8 anche il primo laboratorio di vita sociale. Qui si impara, piano piano, ad aspettare il proprio turno, a condividere un gioco, a riconoscere le emozioni, a stare insieme agli altri senza perdere s\u00e9 stessi. Sono conquiste enormi, anche quando hanno la forma di un \u201ctocca a me\u201d detto con decisione o di un giocattolo ceduto dopo una piccola trattativa diplomatica da tappeto.<\/p>\t\t\t\t\t\t\t\t<\/div>\n\t\t\t\t<\/div>\n\t\t\t\t\t<\/div>\n\t\t<\/div>\n\t\t\t\t\t<\/div>\n\t\t<\/section>\n\t\t\t\t<div class=\"elementor-element elementor-element-182720c3 elementor-widget elementor-widget-heading\" data-id=\"182720c3\" data-element_type=\"widget\" data-e-type=\"widget\" data-widget_type=\"heading.default\">\n\t\t\t\t<div class=\"elementor-widget-container\">\n\t\t\t\t\t<h3 class=\"elementor-heading-title elementor-size-default\">Un percorso importante<\/h3>\t\t\t\t<\/div>\n\t\t\t\t<\/div>\n\t\t\t\t<section class=\"elementor-section elementor-inner-section elementor-element elementor-element-483778c5 elementor-section-content-top elementor-section-boxed elementor-section-height-default elementor-section-height-default\" data-id=\"483778c5\" data-element_type=\"section\" data-e-type=\"section\">\n\t\t\t\t\t\t<div class=\"elementor-container elementor-column-gap-default\">\n\t\t\t\t\t<div class=\"elementor-column elementor-col-50 elementor-inner-column elementor-element elementor-element-26f13c5b\" data-id=\"26f13c5b\" data-element_type=\"column\" data-e-type=\"column\">\n\t\t\t<div class=\"elementor-widget-wrap elementor-element-populated\">\n\t\t\t\t\t\t<div class=\"elementor-element elementor-element-7d512c29 elementor-widget elementor-widget-text-editor\" data-id=\"7d512c29\" data-element_type=\"widget\" data-e-type=\"widget\" data-widget_type=\"text-editor.default\">\n\t\t\t\t<div class=\"elementor-widget-container\">\n\t\t\t\t\t\t\t\t\t<p class=\"p1\">Al termine di questo percorso, i bambini arrivano alla Scuola dell\u2019Infanzia con una base importante: maggiore sicurezza, fiducia negli adulti, familiarit\u00e0 con il gruppo, prime autonomie consolidate. Hanno attraversato il ponte. E dall\u2019altra parte trovano un mondo ancora pi\u00f9 grande da esplorare.<\/p><p class=\"p1\">La Sezione Primavera delle Scuole San Francesco \u00e8 un nido accogliente dove i primi passi diventano grandi scoperte quotidiane. Un luogo in cui ogni bambino pu\u00f2 crescere con calma, affetto e gioia, portando con s\u00e9 la certezza pi\u00f9 bella: posso farcela, e non sono solo.<\/p>\t\t\t\t\t\t\t\t<\/div>\n\t\t\t\t<\/div>\n\t\t\t\t\t<\/div>\n\t\t<\/div>\n\t\t\t\t<div class=\"elementor-column elementor-col-50 elementor-inner-column elementor-element elementor-element-13d904a4\" data-id=\"13d904a4\" data-element_type=\"column\" data-e-type=\"column\">\n\t\t\t<div class=\"elementor-widget-wrap elementor-element-populated\">\n\t\t\t\t\t\t<div class=\"elementor-element elementor-element-6cab217 elementor-widget elementor-widget-image\" data-id=\"6cab217\" data-element_type=\"widget\" data-e-type=\"widget\" data-widget_type=\"image.default\">\n\t\t\t\t<div class=\"elementor-widget-container\">\n\t\t\t\t\t\t\t\t\t\t\t\t\t\t\t<img decoding=\"async\" width=\"768\" height=\"1024\" src=\"https:\/\/www.scuolesanfrancesco.it\/wp-content\/uploads\/2026\/05\/lettini-affinacati-768x1024.webp\" class=\"attachment-large size-large wp-image-7078\" alt=\"Angolo lettura della Sezione Primavera con libri illustrati, giochi educativi e spazio morbido per bambini dai 24 ai 36 mesi.\" srcset=\"https:\/\/www.scuolesanfrancesco.it\/wp-content\/uploads\/2026\/05\/lettini-affinacati-768x1024.webp 768w, https:\/\/www.scuolesanfrancesco.it\/wp-content\/uploads\/2026\/05\/lettini-affinacati-225x300.webp 225w, https:\/\/www.scuolesanfrancesco.it\/wp-content\/uploads\/2026\/05\/lettini-affinacati.webp 960w\" sizes=\"(max-width: 768px) 100vw, 768px\" \/>\t\t\t\t\t\t\t\t\t\t\t\t\t\t\t<\/div>\n\t\t\t\t<\/div>\n\t\t\t\t\t<\/div>\n\t\t<\/div>\n\t\t\t\t\t<\/div>\n\t\t<\/section>\n\t\t\t\t\t<\/div>\n\t\t<\/div>\n\t\t\t\t\t<\/div>\n\t\t<\/section>\n\t\t\t\t<\/div>\n\t\t","protected":false},"excerpt":{"rendered":"<p>Ci sono passaggi della crescita che assomigliano a piccoli ponti. Da una parte c\u2019\u00e8 il mondo protetto della casa, con i suoi rituali, le sue voci familiari, i suoi abbracci sempre a portata di mano. Dall\u2019altra c\u2019\u00e8 la scoperta della scuola, dei compagni, dei giochi condivisi, delle prime autonomie. La Sezione Primavera delle Scuole San&#8230;<\/p>\n","protected":false},"author":1,"featured_media":7337,"comment_status":"closed","ping_status":"open","sticky":false,"template":"","format":"standard","meta":{"footnotes":""},"categories":[7,3],"tags":[49,50,48,47],"class_list":["post-1996","post","type-post","status-publish","format-standard","has-post-thumbnail","hentry","category-didattica-docenti","category-primavera","tag-24-36-mesi","tag-accoglienza","tag-bambini","tag-primavera"],"yoast_head":"<!-- This site is optimized with the Yoast SEO plugin v28.4 - https:\/\/yoast.com\/product\/yoast-seo-wordpress\/ -->\n<title>Sezione Primavera: il primo ponte verso l\u2019autonomia - Scuole per l&#039;infanzia San Francesco - Cagliari e Sestu<\/title>\n<meta name=\"robots\" content=\"index, follow, max-snippet:-1, max-image-preview:large, max-video-preview:-1\" \/>\n<link rel=\"canonical\" href=\"https:\/\/www.scuolesanfrancesco.it\/index.php\/2026\/04\/24\/sezione-primavera-primo-ponte-verso-autonomia\/\" \/>\n<meta property=\"og:locale\" content=\"it_IT\" \/>\n<meta property=\"og:type\" content=\"article\" \/>\n<meta property=\"og:title\" content=\"Sezione Primavera: il primo ponte verso l\u2019autonomia - Scuole per l&#039;infanzia San Francesco - Cagliari e Sestu\" \/>\n<meta property=\"og:description\" content=\"Ci sono passaggi della crescita che assomigliano a piccoli ponti. Da una parte c\u2019\u00e8 il mondo protetto della casa, con i suoi rituali, le sue voci familiari, i suoi abbracci sempre a portata di mano. Dall\u2019altra c\u2019\u00e8 la scoperta della scuola, dei compagni, dei giochi condivisi, delle prime autonomie. La Sezione Primavera delle Scuole San...\" \/>\n<meta property=\"og:url\" content=\"https:\/\/www.scuolesanfrancesco.it\/index.php\/2026\/04\/24\/sezione-primavera-primo-ponte-verso-autonomia\/\" \/>\n<meta property=\"og:site_name\" content=\"Scuole per l&#039;infanzia San Francesco - Cagliari e Sestu\" \/>\n<meta property=\"article:published_time\" content=\"2026-04-24T11:11:49+00:00\" \/>\n<meta property=\"article:modified_time\" content=\"2026-07-01T02:28:25+00:00\" \/>\n<meta property=\"og:image\" content=\"https:\/\/www.scuolesanfrancesco.it\/wp-content\/uploads\/2026\/06\/header-primavera-2.webp\" \/>\n\t<meta property=\"og:image:width\" content=\"1280\" \/>\n\t<meta property=\"og:image:height\" content=\"720\" \/>\n\t<meta property=\"og:image:type\" content=\"image\/webp\" \/>\n<meta name=\"author\" content=\"admin\" \/>\n<meta name=\"twitter:card\" content=\"summary_large_image\" \/>\n<meta name=\"twitter:label1\" content=\"Scritto da\" \/>\n\t<meta name=\"twitter:data1\" content=\"admin\" \/>\n\t<meta name=\"twitter:label2\" content=\"Tempo di lettura stimato\" \/>\n\t<meta name=\"twitter:data2\" content=\"4 minuti\" \/>\n<script type=\"application\/ld+json\" class=\"yoast-schema-graph\">{\"@context\":\"https:\\\/\\\/schema.org\",\"@graph\":[{\"@type\":\"Article\",\"@id\":\"https:\\\/\\\/www.scuolesanfrancesco.it\\\/index.php\\\/2026\\\/04\\\/24\\\/sezione-primavera-primo-ponte-verso-autonomia\\\/#article\",\"isPartOf\":{\"@id\":\"https:\\\/\\\/www.scuolesanfrancesco.it\\\/index.php\\\/2026\\\/04\\\/24\\\/sezione-primavera-primo-ponte-verso-autonomia\\\/\"},\"author\":{\"name\":\"admin\",\"@id\":\"https:\\\/\\\/www.scuolesanfrancesco.it\\\/#\\\/schema\\\/person\\\/80dcc6b5bce9807ead8cddb9bd23a5a3\"},\"headline\":\"Sezione Primavera: il primo ponte verso l\u2019autonomia\",\"datePublished\":\"2026-04-24T11:11:49+00:00\",\"dateModified\":\"2026-07-01T02:28:25+00:00\",\"mainEntityOfPage\":{\"@id\":\"https:\\\/\\\/www.scuolesanfrancesco.it\\\/index.php\\\/2026\\\/04\\\/24\\\/sezione-primavera-primo-ponte-verso-autonomia\\\/\"},\"wordCount\":589,\"publisher\":{\"@id\":\"https:\\\/\\\/www.scuolesanfrancesco.it\\\/#organization\"},\"image\":{\"@id\":\"https:\\\/\\\/www.scuolesanfrancesco.it\\\/index.php\\\/2026\\\/04\\\/24\\\/sezione-primavera-primo-ponte-verso-autonomia\\\/#primaryimage\"},\"thumbnailUrl\":\"https:\\\/\\\/www.scuolesanfrancesco.it\\\/wp-content\\\/uploads\\\/2026\\\/06\\\/header-primavera-2.webp\",\"keywords\":[\"24-36 mesi\",\"accoglienza\",\"bambini\",\"primavera\"],\"articleSection\":[\"Didattica e Docenti\",\"Primavera\"],\"inLanguage\":\"it-IT\"},{\"@type\":\"WebPage\",\"@id\":\"https:\\\/\\\/www.scuolesanfrancesco.it\\\/index.php\\\/2026\\\/04\\\/24\\\/sezione-primavera-primo-ponte-verso-autonomia\\\/\",\"url\":\"https:\\\/\\\/www.scuolesanfrancesco.it\\\/index.php\\\/2026\\\/04\\\/24\\\/sezione-primavera-primo-ponte-verso-autonomia\\\/\",\"name\":\"Sezione Primavera: il primo ponte verso l\u2019autonomia - Scuole per l'infanzia San Francesco - Cagliari e Sestu\",\"isPartOf\":{\"@id\":\"https:\\\/\\\/www.scuolesanfrancesco.it\\\/#website\"},\"primaryImageOfPage\":{\"@id\":\"https:\\\/\\\/www.scuolesanfrancesco.it\\\/index.php\\\/2026\\\/04\\\/24\\\/sezione-primavera-primo-ponte-verso-autonomia\\\/#primaryimage\"},\"image\":{\"@id\":\"https:\\\/\\\/www.scuolesanfrancesco.it\\\/index.php\\\/2026\\\/04\\\/24\\\/sezione-primavera-primo-ponte-verso-autonomia\\\/#primaryimage\"},\"thumbnailUrl\":\"https:\\\/\\\/www.scuolesanfrancesco.it\\\/wp-content\\\/uploads\\\/2026\\\/06\\\/header-primavera-2.webp\",\"datePublished\":\"2026-04-24T11:11:49+00:00\",\"dateModified\":\"2026-07-01T02:28:25+00:00\",\"breadcrumb\":{\"@id\":\"https:\\\/\\\/www.scuolesanfrancesco.it\\\/index.php\\\/2026\\\/04\\\/24\\\/sezione-primavera-primo-ponte-verso-autonomia\\\/#breadcrumb\"},\"inLanguage\":\"it-IT\",\"potentialAction\":[{\"@type\":\"ReadAction\",\"target\":[\"https:\\\/\\\/www.scuolesanfrancesco.it\\\/index.php\\\/2026\\\/04\\\/24\\\/sezione-primavera-primo-ponte-verso-autonomia\\\/\"]}]},{\"@type\":\"ImageObject\",\"inLanguage\":\"it-IT\",\"@id\":\"https:\\\/\\\/www.scuolesanfrancesco.it\\\/index.php\\\/2026\\\/04\\\/24\\\/sezione-primavera-primo-ponte-verso-autonomia\\\/#primaryimage\",\"url\":\"https:\\\/\\\/www.scuolesanfrancesco.it\\\/wp-content\\\/uploads\\\/2026\\\/06\\\/header-primavera-2.webp\",\"contentUrl\":\"https:\\\/\\\/www.scuolesanfrancesco.it\\\/wp-content\\\/uploads\\\/2026\\\/06\\\/header-primavera-2.webp\",\"width\":1280,\"height\":720,\"caption\":\"Angolo lettura della Sezione Primavera con libri illustrati, giochi educativi e spazio morbido per bambini dai 24 ai 36 mesi.\"},{\"@type\":\"BreadcrumbList\",\"@id\":\"https:\\\/\\\/www.scuolesanfrancesco.it\\\/index.php\\\/2026\\\/04\\\/24\\\/sezione-primavera-primo-ponte-verso-autonomia\\\/#breadcrumb\",\"itemListElement\":[{\"@type\":\"ListItem\",\"position\":1,\"name\":\"Home\",\"item\":\"https:\\\/\\\/www.scuolesanfrancesco.it\\\/\"},{\"@type\":\"ListItem\",\"position\":2,\"name\":\"Sezione Primavera: il primo ponte verso l\u2019autonomia\"}]},{\"@type\":\"WebSite\",\"@id\":\"https:\\\/\\\/www.scuolesanfrancesco.it\\\/#website\",\"url\":\"https:\\\/\\\/www.scuolesanfrancesco.it\\\/\",\"name\":\"Scuole per l'infanzia San Francesco - Cagliari e Sestu\",\"description\":\"Scuola Provv. Sacro Cuore di Cagliari e Scuola Dott. Manunza di Sestu\",\"publisher\":{\"@id\":\"https:\\\/\\\/www.scuolesanfrancesco.it\\\/#organization\"},\"potentialAction\":[{\"@type\":\"SearchAction\",\"target\":{\"@type\":\"EntryPoint\",\"urlTemplate\":\"https:\\\/\\\/www.scuolesanfrancesco.it\\\/?s={search_term_string}\"},\"query-input\":{\"@type\":\"PropertyValueSpecification\",\"valueRequired\":true,\"valueName\":\"search_term_string\"}}],\"inLanguage\":\"it-IT\"},{\"@type\":\"Organization\",\"@id\":\"https:\\\/\\\/www.scuolesanfrancesco.it\\\/#organization\",\"name\":\"Scuole per l'infanzia San Francesco - Cagliari e Sestu\",\"url\":\"https:\\\/\\\/www.scuolesanfrancesco.it\\\/\",\"logo\":{\"@type\":\"ImageObject\",\"inLanguage\":\"it-IT\",\"@id\":\"https:\\\/\\\/www.scuolesanfrancesco.it\\\/#\\\/schema\\\/logo\\\/image\\\/\",\"url\":\"https:\\\/\\\/www.scuolesanfrancesco.it\\\/wp-content\\\/uploads\\\/2026\\\/06\\\/cropped-scuole-sanfrancesco-logo-2026.webp\",\"contentUrl\":\"https:\\\/\\\/www.scuolesanfrancesco.it\\\/wp-content\\\/uploads\\\/2026\\\/06\\\/cropped-scuole-sanfrancesco-logo-2026.webp\",\"width\":956,\"height\":480,\"caption\":\"Scuole per l'infanzia San Francesco - Cagliari e Sestu\"},\"image\":{\"@id\":\"https:\\\/\\\/www.scuolesanfrancesco.it\\\/#\\\/schema\\\/logo\\\/image\\\/\"}},{\"@type\":\"Person\",\"@id\":\"https:\\\/\\\/www.scuolesanfrancesco.it\\\/#\\\/schema\\\/person\\\/80dcc6b5bce9807ead8cddb9bd23a5a3\",\"name\":\"admin\",\"image\":{\"@type\":\"ImageObject\",\"inLanguage\":\"it-IT\",\"@id\":\"https:\\\/\\\/secure.gravatar.com\\\/avatar\\\/56382e5b08512bfbc85c615503c2966dd13559d95cd6d6ac5f8129a9714c2170?s=96&d=mm&r=g\",\"url\":\"https:\\\/\\\/secure.gravatar.com\\\/avatar\\\/56382e5b08512bfbc85c615503c2966dd13559d95cd6d6ac5f8129a9714c2170?s=96&d=mm&r=g\",\"contentUrl\":\"https:\\\/\\\/secure.gravatar.com\\\/avatar\\\/56382e5b08512bfbc85c615503c2966dd13559d95cd6d6ac5f8129a9714c2170?s=96&d=mm&r=g\",\"caption\":\"admin\"},\"sameAs\":[\"http:\\\/\\\/www.scuolesanfrancesco.it\"],\"url\":\"https:\\\/\\\/www.scuolesanfrancesco.it\\\/index.php\\\/author\\\/admin\\\/\"}]}<\/script>\n<!-- \/ Yoast SEO plugin. -->","yoast_head_json":{"title":"Sezione Primavera: il primo ponte verso l\u2019autonomia - Scuole per l'infanzia San Francesco - Cagliari e Sestu","robots":{"index":"index","follow":"follow","max-snippet":"max-snippet:-1","max-image-preview":"max-image-preview:large","max-video-preview":"max-video-preview:-1"},"canonical":"https:\/\/www.scuolesanfrancesco.it\/index.php\/2026\/04\/24\/sezione-primavera-primo-ponte-verso-autonomia\/","og_locale":"it_IT","og_type":"article","og_title":"Sezione Primavera: il primo ponte verso l\u2019autonomia - Scuole per l'infanzia San Francesco - Cagliari e Sestu","og_description":"Ci sono passaggi della crescita che assomigliano a piccoli ponti. Da una parte c\u2019\u00e8 il mondo protetto della casa, con i suoi rituali, le sue voci familiari, i suoi abbracci sempre a portata di mano. Dall\u2019altra c\u2019\u00e8 la scoperta della scuola, dei compagni, dei giochi condivisi, delle prime autonomie. La Sezione Primavera delle Scuole San...","og_url":"https:\/\/www.scuolesanfrancesco.it\/index.php\/2026\/04\/24\/sezione-primavera-primo-ponte-verso-autonomia\/","og_site_name":"Scuole per l'infanzia San Francesco - Cagliari e Sestu","article_published_time":"2026-04-24T11:11:49+00:00","article_modified_time":"2026-07-01T02:28:25+00:00","og_image":[{"width":1280,"height":720,"url":"https:\/\/www.scuolesanfrancesco.it\/wp-content\/uploads\/2026\/06\/header-primavera-2.webp","type":"image\/webp"}],"author":"admin","twitter_card":"summary_large_image","twitter_misc":{"Scritto da":"admin","Tempo di lettura stimato":"4 minuti"},"schema":{"@context":"https:\/\/schema.org","@graph":[{"@type":"Article","@id":"https:\/\/www.scuolesanfrancesco.it\/index.php\/2026\/04\/24\/sezione-primavera-primo-ponte-verso-autonomia\/#article","isPartOf":{"@id":"https:\/\/www.scuolesanfrancesco.it\/index.php\/2026\/04\/24\/sezione-primavera-primo-ponte-verso-autonomia\/"},"author":{"name":"admin","@id":"https:\/\/www.scuolesanfrancesco.it\/#\/schema\/person\/80dcc6b5bce9807ead8cddb9bd23a5a3"},"headline":"Sezione Primavera: il primo ponte verso l\u2019autonomia","datePublished":"2026-04-24T11:11:49+00:00","dateModified":"2026-07-01T02:28:25+00:00","mainEntityOfPage":{"@id":"https:\/\/www.scuolesanfrancesco.it\/index.php\/2026\/04\/24\/sezione-primavera-primo-ponte-verso-autonomia\/"},"wordCount":589,"publisher":{"@id":"https:\/\/www.scuolesanfrancesco.it\/#organization"},"image":{"@id":"https:\/\/www.scuolesanfrancesco.it\/index.php\/2026\/04\/24\/sezione-primavera-primo-ponte-verso-autonomia\/#primaryimage"},"thumbnailUrl":"https:\/\/www.scuolesanfrancesco.it\/wp-content\/uploads\/2026\/06\/header-primavera-2.webp","keywords":["24-36 mesi","accoglienza","bambini","primavera"],"articleSection":["Didattica e Docenti","Primavera"],"inLanguage":"it-IT"},{"@type":"WebPage","@id":"https:\/\/www.scuolesanfrancesco.it\/index.php\/2026\/04\/24\/sezione-primavera-primo-ponte-verso-autonomia\/","url":"https:\/\/www.scuolesanfrancesco.it\/index.php\/2026\/04\/24\/sezione-primavera-primo-ponte-verso-autonomia\/","name":"Sezione Primavera: il primo ponte verso l\u2019autonomia - Scuole per l'infanzia San Francesco - Cagliari e Sestu","isPartOf":{"@id":"https:\/\/www.scuolesanfrancesco.it\/#website"},"primaryImageOfPage":{"@id":"https:\/\/www.scuolesanfrancesco.it\/index.php\/2026\/04\/24\/sezione-primavera-primo-ponte-verso-autonomia\/#primaryimage"},"image":{"@id":"https:\/\/www.scuolesanfrancesco.it\/index.php\/2026\/04\/24\/sezione-primavera-primo-ponte-verso-autonomia\/#primaryimage"},"thumbnailUrl":"https:\/\/www.scuolesanfrancesco.it\/wp-content\/uploads\/2026\/06\/header-primavera-2.webp","datePublished":"2026-04-24T11:11:49+00:00","dateModified":"2026-07-01T02:28:25+00:00","breadcrumb":{"@id":"https:\/\/www.scuolesanfrancesco.it\/index.php\/2026\/04\/24\/sezione-primavera-primo-ponte-verso-autonomia\/#breadcrumb"},"inLanguage":"it-IT","potentialAction":[{"@type":"ReadAction","target":["https:\/\/www.scuolesanfrancesco.it\/index.php\/2026\/04\/24\/sezione-primavera-primo-ponte-verso-autonomia\/"]}]},{"@type":"ImageObject","inLanguage":"it-IT","@id":"https:\/\/www.scuolesanfrancesco.it\/index.php\/2026\/04\/24\/sezione-primavera-primo-ponte-verso-autonomia\/#primaryimage","url":"https:\/\/www.scuolesanfrancesco.it\/wp-content\/uploads\/2026\/06\/header-primavera-2.webp","contentUrl":"https:\/\/www.scuolesanfrancesco.it\/wp-content\/uploads\/2026\/06\/header-primavera-2.webp","width":1280,"height":720,"caption":"Angolo lettura della Sezione Primavera con libri illustrati, giochi educativi e spazio morbido per bambini dai 24 ai 36 mesi."},{"@type":"BreadcrumbList","@id":"https:\/\/www.scuolesanfrancesco.it\/index.php\/2026\/04\/24\/sezione-primavera-primo-ponte-verso-autonomia\/#breadcrumb","itemListElement":[{"@type":"ListItem","position":1,"name":"Home","item":"https:\/\/www.scuolesanfrancesco.it\/"},{"@type":"ListItem","position":2,"name":"Sezione Primavera: il primo ponte verso l\u2019autonomia"}]},{"@type":"WebSite","@id":"https:\/\/www.scuolesanfrancesco.it\/#website","url":"https:\/\/www.scuolesanfrancesco.it\/","name":"Scuole per l'infanzia San Francesco - Cagliari e Sestu","description":"Scuola Provv. Sacro Cuore di Cagliari e Scuola Dott. Manunza di Sestu","publisher":{"@id":"https:\/\/www.scuolesanfrancesco.it\/#organization"},"potentialAction":[{"@type":"SearchAction","target":{"@type":"EntryPoint","urlTemplate":"https:\/\/www.scuolesanfrancesco.it\/?s={search_term_string}"},"query-input":{"@type":"PropertyValueSpecification","valueRequired":true,"valueName":"search_term_string"}}],"inLanguage":"it-IT"},{"@type":"Organization","@id":"https:\/\/www.scuolesanfrancesco.it\/#organization","name":"Scuole per l'infanzia San Francesco - Cagliari e Sestu","url":"https:\/\/www.scuolesanfrancesco.it\/","logo":{"@type":"ImageObject","inLanguage":"it-IT","@id":"https:\/\/www.scuolesanfrancesco.it\/#\/schema\/logo\/image\/","url":"https:\/\/www.scuolesanfrancesco.it\/wp-content\/uploads\/2026\/06\/cropped-scuole-sanfrancesco-logo-2026.webp","contentUrl":"https:\/\/www.scuolesanfrancesco.it\/wp-content\/uploads\/2026\/06\/cropped-scuole-sanfrancesco-logo-2026.webp","width":956,"height":480,"caption":"Scuole per l'infanzia San Francesco - Cagliari e Sestu"},"image":{"@id":"https:\/\/www.scuolesanfrancesco.it\/#\/schema\/logo\/image\/"}},{"@type":"Person","@id":"https:\/\/www.scuolesanfrancesco.it\/#\/schema\/person\/80dcc6b5bce9807ead8cddb9bd23a5a3","name":"admin","image":{"@type":"ImageObject","inLanguage":"it-IT","@id":"https:\/\/secure.gravatar.com\/avatar\/56382e5b08512bfbc85c615503c2966dd13559d95cd6d6ac5f8129a9714c2170?s=96&d=mm&r=g","url":"https:\/\/secure.gravatar.com\/avatar\/56382e5b08512bfbc85c615503c2966dd13559d95cd6d6ac5f8129a9714c2170?s=96&d=mm&r=g","contentUrl":"https:\/\/secure.gravatar.com\/avatar\/56382e5b08512bfbc85c615503c2966dd13559d95cd6d6ac5f8129a9714c2170?s=96&d=mm&r=g","caption":"admin"},"sameAs":["http:\/\/www.scuolesanfrancesco.it"],"url":"https:\/\/www.scuolesanfrancesco.it\/index.php\/author\/admin\/"}]}},"_links":{"self":[{"href":"https:\/\/www.scuolesanfrancesco.it\/index.php\/wp-json\/wp\/v2\/posts\/1996","targetHints":{"allow":["GET"]}}],"collection":[{"href":"https:\/\/www.scuolesanfrancesco.it\/index.php\/wp-json\/wp\/v2\/posts"}],"about":[{"href":"https:\/\/www.scuolesanfrancesco.it\/index.php\/wp-json\/wp\/v2\/types\/post"}],"author":[{"embeddable":true,"href":"https:\/\/www.scuolesanfrancesco.it\/index.php\/wp-json\/wp\/v2\/users\/1"}],"replies":[{"embeddable":true,"href":"https:\/\/www.scuolesanfrancesco.it\/index.php\/wp-json\/wp\/v2\/comments?post=1996"}],"version-history":[{"count":6,"href":"https:\/\/www.scuolesanfrancesco.it\/index.php\/wp-json\/wp\/v2\/posts\/1996\/revisions"}],"predecessor-version":[{"id":7421,"href":"https:\/\/www.scuolesanfrancesco.it\/index.php\/wp-json\/wp\/v2\/posts\/1996\/revisions\/7421"}],"wp:featuredmedia":[{"embeddable":true,"href":"https:\/\/www.scuolesanfrancesco.it\/index.php\/wp-json\/wp\/v2\/media\/7337"}],"wp:attachment":[{"href":"https:\/\/www.scuolesanfrancesco.it\/index.php\/wp-json\/wp\/v2\/media?parent=1996"}],"wp:term":[{"taxonomy":"category","embeddable":true,"href":"https:\/\/www.scuolesanfrancesco.it\/index.php\/wp-json\/wp\/v2\/categories?post=1996"},{"taxonomy":"post_tag","embeddable":true,"href":"https:\/\/www.scuolesanfrancesco.it\/index.php\/wp-json\/wp\/v2\/tags?post=1996"}],"curies":[{"name":"wp","href":"https:\/\/api.w.org\/{rel}","templated":true}]}}