{"id":1999,"date":"2026-04-04T13:20:09","date_gmt":"2026-04-04T13:20:09","guid":{"rendered":"https:\/\/skole.vamtam.com\/?p=1999"},"modified":"2026-07-01T02:30:41","modified_gmt":"2026-07-01T02:30:41","slug":"crescere-bene-crescere-insieme","status":"publish","type":"post","link":"https:\/\/www.scuolesanfrancesco.it\/index.php\/2026\/04\/04\/crescere-bene-crescere-insieme\/","title":{"rendered":"Crescere bene, crescere insieme"},"content":{"rendered":"\t\t<div data-elementor-type=\"wp-post\" data-elementor-id=\"1999\" class=\"elementor elementor-1999\" data-elementor-post-type=\"post\">\n\t\t\t\t\t\t<section class=\"elementor-section elementor-top-section elementor-element elementor-element-588919cf elementor-section-boxed elementor-section-height-default elementor-section-height-default\" data-id=\"588919cf\" data-element_type=\"section\" data-e-type=\"section\">\n\t\t\t\t\t\t<div class=\"elementor-container elementor-column-gap-default\">\n\t\t\t\t\t<div class=\"elementor-column elementor-col-100 elementor-top-column elementor-element elementor-element-3a043e\" data-id=\"3a043e\" data-element_type=\"column\" data-e-type=\"column\">\n\t\t\t<div class=\"elementor-widget-wrap elementor-element-populated\">\n\t\t\t\t\t\t<div class=\"elementor-element elementor-element-78e05591 elementor-drop-cap-yes elementor-drop-cap-view-default elementor-widget elementor-widget-text-editor\" data-id=\"78e05591\" data-element_type=\"widget\" data-e-type=\"widget\" data-settings=\"{&quot;drop_cap&quot;:&quot;yes&quot;}\" data-widget_type=\"text-editor.default\">\n\t\t\t\t<div class=\"elementor-widget-container\">\n\t\t\t\t\t\t\t\t\t<p class=\"p1\">Scegliere una scuola per il proprio bambino non significa soltanto trovare un luogo sicuro dove lasciarlo durante la giornata. Significa cercare un ambiente capace di accoglierlo, ascoltarlo, accompagnarlo nei suoi primi passi fuori dal nido familiare. Significa domandarsi: qui mio figlio sar\u00e0 visto davvero? Sar\u00e0 incoraggiato? Potr\u00e0 sentirsi parte di una piccola comunit\u00e0 felice?<\/p><p class=\"p1\">Le Scuole San Francesco nascono proprio da questa idea: offrire ai bambini dai 24 mesi ai 5 anni un percorso educativo sereno, solido e ricco di umanit\u00e0, in cui ogni giorno diventa un\u2019occasione per imparare qualcosa sul mondo, sugli altri e su s\u00e9 stessi.<\/p>\t\t\t\t\t\t\t\t<\/div>\n\t\t\t\t<\/div>\n\t\t\t\t<div class=\"elementor-element elementor-element-622d90cf elementor-widget-divider--separator-type-pattern elementor-widget-divider--no-spacing elementor-widget-divider--view-line elementor-widget elementor-widget-divider\" data-id=\"622d90cf\" data-element_type=\"widget\" data-e-type=\"widget\" data-widget_type=\"divider.default\">\n\t\t\t\t<div class=\"elementor-widget-container\">\n\t\t\t\t\t\t\t<div class=\"elementor-divider\" style=\"--divider-pattern-url: url(&quot;data:image\/svg+xml,%3Csvg xmlns=&#039;http:\/\/www.w3.org\/2000\/svg&#039; preserveAspectRatio=&#039;xMidYMid meet&#039; overflow=&#039;visible&#039; height=&#039;100%&#039; viewBox=&#039;0 0 126 26&#039; fill=&#039;black&#039; stroke=&#039;none&#039;%3E%3Cpath d=&#039;M3,10.2c2.6,0,2.6,2,2.6,3.2S4.4,16.5,3,16.5s-3-1.4-3-3.2S0.4,10.2,3,10.2z M18.8,10.2c1.7,0,3.2,1.4,3.2,3.2s-1.4,3.2-3.2,3.2c-1.7,0-3.2-1.4-3.2-3.2S17,10.2,18.8,10.2z M34.6,10.2c1.5,0,2.6,1.4,2.6,3.2s-0.5,3.2-1.9,3.2c-1.5,0-3.4-1.4-3.4-3.2S33.1,10.2,34.6,10.2z M50.5,10.2c1.7,0,3.2,1.4,3.2,3.2s-1.4,3.2-3.2,3.2c-1.7,0-3.3-0.9-3.3-2.6S48.7,10.2,50.5,10.2z M66.2,10.2c1.5,0,3.4,1.4,3.4,3.2s-1.9,3.2-3.4,3.2c-1.5,0-2.6-0.4-2.6-2.1S64.8,10.2,66.2,10.2z M82.2,10.2c1.7,0.8,2.6,1.4,2.6,3.2s-0.1,3.2-1.6,3.2c-1.5,0-3.7-1.4-3.7-3.2S80.5,9.4,82.2,10.2zM98.6,10.2c1.5,0,2.6,0.4,2.6,2.1s-1.2,4.2-2.6,4.2c-1.5,0-3.7-0.4-3.7-2.1S97.1,10.2,98.6,10.2z M113.4,10.2c1.2,0,2.2,0.9,2.2,3.2s-0.1,3.2-1.3,3.2s-3.1-1.4-3.1-3.2S112.2,10.2,113.4,10.2z&#039;\/%3E%3C\/svg%3E&quot;);\">\n\t\t\t<span class=\"elementor-divider-separator\">\n\t\t\t\t\t\t<\/span>\n\t\t<\/div>\n\t\t\t\t\t\t<\/div>\n\t\t\t\t<\/div>\n\t\t\t\t<div class=\"elementor-element elementor-element-5610d258 elementor-widget elementor-widget-heading\" data-id=\"5610d258\" data-element_type=\"widget\" data-e-type=\"widget\" data-widget_type=\"heading.default\">\n\t\t\t\t<div class=\"elementor-widget-container\">\n\t\t\t\t\t<h3 class=\"elementor-heading-title elementor-size-default\">A Cagliari e a Sestu<\/h3>\t\t\t\t<\/div>\n\t\t\t\t<\/div>\n\t\t\t\t<div class=\"elementor-element elementor-element-58b2fff0 elementor-widget elementor-widget-text-editor\" data-id=\"58b2fff0\" data-element_type=\"widget\" data-e-type=\"widget\" data-widget_type=\"text-editor.default\">\n\t\t\t\t<div class=\"elementor-widget-container\">\n\t\t\t\t\t\t\t\t\t<p class=\"p1\">Con le sedi di Sestu, la Scuola dell\u2019Infanzia Dottor A. Manunza, e di Cagliari, la Provvidenza Sacro Cuore in Vico XIV San Giovanni, le Scuole San Francesco uniscono due realt\u00e0 diverse ma animate dalla stessa visione educativa. Due cuori, potremmo dire, che battono con lo stesso ritmo: quello della cura, della fiducia e della crescita armoniosa.<\/p>\t\t\t\t\t\t\t\t<\/div>\n\t\t\t\t<\/div>\n\t\t\t\t\t<\/div>\n\t\t<\/div>\n\t\t\t\t\t<\/div>\n\t\t<\/section>\n\t\t\t\t<section class=\"elementor-section elementor-top-section elementor-element elementor-element-fd05ff5 elementor-section-boxed elementor-section-height-default elementor-section-height-default\" data-id=\"fd05ff5\" data-element_type=\"section\" data-e-type=\"section\">\n\t\t\t\t\t\t<div class=\"elementor-container elementor-column-gap-default\">\n\t\t\t\t\t<div class=\"elementor-column elementor-col-100 elementor-top-column elementor-element elementor-element-2fa27240\" data-id=\"2fa27240\" data-element_type=\"column\" data-e-type=\"column\">\n\t\t\t<div class=\"elementor-widget-wrap elementor-element-populated\">\n\t\t\t\t\t\t<div class=\"elementor-element elementor-element-b4ab63f elementor-widget elementor-widget-image\" data-id=\"b4ab63f\" data-element_type=\"widget\" data-e-type=\"widget\" data-widget_type=\"image.default\">\n\t\t\t\t<div class=\"elementor-widget-container\">\n\t\t\t\t\t\t\t\t\t\t\t\t\t\t\t<img fetchpriority=\"high\" decoding=\"async\" width=\"1024\" height=\"768\" src=\"https:\/\/www.scuolesanfrancesco.it\/wp-content\/uploads\/2026\/05\/sestu-dott-manunza-cortile-1024x768.webp\" class=\"attachment-large size-large wp-image-7226\" alt=\"il cortile della scuola materna dr manunza sestu\" srcset=\"https:\/\/www.scuolesanfrancesco.it\/wp-content\/uploads\/2026\/05\/sestu-dott-manunza-cortile-1024x768.webp 1024w, https:\/\/www.scuolesanfrancesco.it\/wp-content\/uploads\/2026\/05\/sestu-dott-manunza-cortile-300x225.webp 300w, https:\/\/www.scuolesanfrancesco.it\/wp-content\/uploads\/2026\/05\/sestu-dott-manunza-cortile-768x576.webp 768w, https:\/\/www.scuolesanfrancesco.it\/wp-content\/uploads\/2026\/05\/sestu-dott-manunza-cortile.webp 1280w\" sizes=\"(max-width: 1024px) 100vw, 1024px\" \/>\t\t\t\t\t\t\t\t\t\t\t\t\t\t\t<\/div>\n\t\t\t\t<\/div>\n\t\t\t\t\t<\/div>\n\t\t<\/div>\n\t\t\t\t\t<\/div>\n\t\t<\/section>\n\t\t\t\t<section class=\"elementor-section elementor-top-section elementor-element elementor-element-5a1a4b5 elementor-section-boxed elementor-section-height-default elementor-section-height-default\" data-id=\"5a1a4b5\" data-element_type=\"section\" data-e-type=\"section\">\n\t\t\t\t\t\t<div class=\"elementor-container elementor-column-gap-default\">\n\t\t\t\t\t<div class=\"elementor-column elementor-col-100 elementor-top-column elementor-element elementor-element-592a440\" data-id=\"592a440\" data-element_type=\"column\" data-e-type=\"column\">\n\t\t\t<div class=\"elementor-widget-wrap elementor-element-populated\">\n\t\t\t\t\t\t<div class=\"elementor-element elementor-element-f0fda10 elementor-widget elementor-widget-text-editor\" data-id=\"f0fda10\" data-element_type=\"widget\" data-e-type=\"widget\" data-widget_type=\"text-editor.default\">\n\t\t\t\t<div class=\"elementor-widget-container\">\n\t\t\t\t\t\t\t\t\t<p class=\"p1\">Essere scuole paritarie significa offrire un percorso ufficialmente riconosciuto, attento agli standard educativi e alla continuit\u00e0 didattica. Ma, per noi, significa anche qualcosa in pi\u00f9: costruire ogni giorno una scuola dove la qualit\u00e0 non \u00e8 solo nei programmi, ma nei gesti. Nel modo in cui una maestra si china per ascoltare un bambino. Nel sorriso che accoglie la famiglia al mattino. Nella pazienza con cui si accompagna una conquista piccola solo in apparenza, come allacciare un grembiulino, condividere un gioco o raccontare un\u2019emozione.<\/p>\t\t\t\t\t\t\t\t<\/div>\n\t\t\t\t<\/div>\n\t\t\t\t<div class=\"elementor-element elementor-element-37c1a9d elementor-blockquote--skin-quotation elementor-blockquote--align-left elementor-blockquote--button-skin-link elementor-blockquote--button-view-icon elementor-widget elementor-widget-blockquote\" data-id=\"37c1a9d\" data-element_type=\"widget\" data-e-type=\"widget\" data-widget_type=\"blockquote.default\">\n\t\t\t\t<div class=\"elementor-widget-container\">\n\t\t\t\t\t\t\t<blockquote class=\"elementor-blockquote\">\n\t\t\t<p class=\"elementor-blockquote__content\">\n\t\t\t\tRicordatevi che l\u2019educazione \u00e8 cosa del cuore, e che Dio solo ne \u00e8 il padrone, e noi non potremo riuscire a cosa alcuna, se Dio non ce ne insegna l\u2019arte e non ce ne mette in mano le chiavi.\t\t\t<\/p>\n\t\t\t\t\t\t\t<div class=\"e-q-footer\">\n\t\t\t\t\t\t\t\t\t\t\t<cite class=\"elementor-blockquote__author\">San Giovanni Bosco<\/cite>\n\t\t\t\t\t\t\t\t\t\t\t\t\t\t\t\t<a href=\"https:\/\/twitter.com\/intent\/tweet?text=Ricordatevi+che+l%E2%80%99educazione+%C3%A8+cosa+del+cuore%2C+e+che+Dio+solo+ne+%C3%A8+il+padrone%2C+e+noi+non+potremo+riuscire+a+cosa+alcuna%2C+se+Dio+non+ce+ne+insegna+l%E2%80%99arte+e+non+ce+ne+mette+in+mano+le+chiavi.+%E2%80%94+San+Giovanni+Bosco&amp;url=https%3A%2F%2Fwww.scuolesanfrancesco.it%2Findex.php%2Fwp-json%2Fwp%2Fv2%2Fposts%2F1999&amp;via=vamtam\" class=\"elementor-blockquote__tweet-button\" target=\"_blank\">\n\t\t\t\t\t\t\t\t\t\t\t\t\t\t\t<i aria-hidden=\"true\" class=\"fab fa-twitter\"><\/i>\t\t\t\t\t\t\t\t\t\t\t\t\t\t\t\t\t<span class=\"elementor-screen-only\">Tweet<\/span>\n\t\t\t\t\t\t\t\t\t\t\t\t\t\t\t\t\t\t\t\t\t\t\t\t\t\t\t\t<\/a>\n\t\t\t\t\t\t\t\t\t<\/div>\n\t\t\t\t\t<\/blockquote>\n\t\t\t\t\t\t<\/div>\n\t\t\t\t<\/div>\n\t\t\t\t<div class=\"elementor-element elementor-element-bc9674f elementor-widget elementor-widget-text-editor\" data-id=\"bc9674f\" data-element_type=\"widget\" data-e-type=\"widget\" data-widget_type=\"text-editor.default\">\n\t\t\t\t<div class=\"elementor-widget-container\">\n\t\t\t\t\t\t\t\t\t<p class=\"p1\">L\u2019ispirazione cattolica delle nostre scuole \u00e8 vissuta con gioia, apertura e semplicit\u00e0. Non \u00e8 un\u2019etichetta appesa alla porta, ma un modo di stare insieme: educare alla gentilezza, alla gratitudine, al rispetto, alla condivisione. Valori universali che i bambini comprendono attraverso l\u2019esperienza quotidiana, perch\u00e9 a questa et\u00e0 le grandi parole diventano vere solo quando si trasformano in abitudini concrete.<\/p>\t\t\t\t\t\t\t\t<\/div>\n\t\t\t\t<\/div>\n\t\t\t\t<section class=\"elementor-section elementor-inner-section elementor-element elementor-element-9273323 elementor-section-content-middle elementor-section-boxed elementor-section-height-default elementor-section-height-default\" data-id=\"9273323\" data-element_type=\"section\" data-e-type=\"section\">\n\t\t\t\t\t\t<div class=\"elementor-container elementor-column-gap-default\">\n\t\t\t\t\t<div class=\"elementor-column elementor-col-50 elementor-inner-column elementor-element elementor-element-358ea63\" data-id=\"358ea63\" data-element_type=\"column\" data-e-type=\"column\">\n\t\t\t<div class=\"elementor-widget-wrap elementor-element-populated\">\n\t\t\t\t\t\t<div class=\"elementor-element elementor-element-4668f3c elementor-widget elementor-widget-heading\" data-id=\"4668f3c\" data-element_type=\"widget\" data-e-type=\"widget\" data-widget_type=\"heading.default\">\n\t\t\t\t<div class=\"elementor-widget-container\">\n\t\t\t\t\t<h4 class=\"elementor-heading-title elementor-size-default\">Articoli Recenti<\/h4>\t\t\t\t<\/div>\n\t\t\t\t<\/div>\n\t\t\t\t<div class=\"elementor-element elementor-element-66af342 elementor-widget-divider--view-line elementor-widget elementor-widget-divider\" data-id=\"66af342\" data-element_type=\"widget\" data-e-type=\"widget\" data-widget_type=\"divider.default\">\n\t\t\t\t<div class=\"elementor-widget-container\">\n\t\t\t\t\t\t\t<div class=\"elementor-divider\">\n\t\t\t<span class=\"elementor-divider-separator\">\n\t\t\t\t\t\t<\/span>\n\t\t<\/div>\n\t\t\t\t\t\t<\/div>\n\t\t\t\t<\/div>\n\t\t\t\t<div class=\"elementor-element elementor-element-d072f9e elementor-widget elementor-widget-wp-widget-recent-posts\" data-id=\"d072f9e\" data-element_type=\"widget\" data-e-type=\"widget\" data-widget_type=\"wp-widget-recent-posts.default\">\n\t\t\t\t<div class=\"elementor-widget-container\">\n\t\t\t\t\t\n\t\t\n\t\t\n\t\t<ul>\n\t\t\t\t\t\t\t\t\t\t\t<li>\n\t\t\t\t\t<a href=\"https:\/\/www.scuolesanfrancesco.it\/index.php\/2026\/05\/09\/spazi-esterni-giardino-imparare-sotto-il-cielo\/\">Spazi esterni e giardino: imparare sotto il cielo<\/a>\n\t\t\t\t\t\t\t\t\t<\/li>\n\t\t\t\t\t\t\t\t\t\t\t<li>\n\t\t\t\t\t<a href=\"https:\/\/www.scuolesanfrancesco.it\/index.php\/2026\/05\/02\/spazi-interni-aule-luminose\/\">Spazi interni: aule luminose dove ogni bambino trova il suo posto<\/a>\n\t\t\t\t\t\t\t\t\t<\/li>\n\t\t\t\t\t\t\t\t\t\t\t<li>\n\t\t\t\t\t<a href=\"https:\/\/www.scuolesanfrancesco.it\/index.php\/2026\/04\/28\/scuola-infanzia-imparare-giocando-crescere\/\">Scuola dell\u2019Infanzia: imparare giocando, crescere con il cuore<\/a>\n\t\t\t\t\t\t\t\t\t<\/li>\n\t\t\t\t\t\t\t\t\t\t\t<li>\n\t\t\t\t\t<a href=\"https:\/\/www.scuolesanfrancesco.it\/index.php\/2026\/04\/24\/sezione-primavera-primo-ponte-verso-autonomia\/\">Sezione Primavera: il primo ponte verso l\u2019autonomia<\/a>\n\t\t\t\t\t\t\t\t\t<\/li>\n\t\t\t\t\t\t\t\t\t\t\t<li>\n\t\t\t\t\t<a href=\"https:\/\/www.scuolesanfrancesco.it\/index.php\/2026\/04\/04\/crescere-bene-crescere-insieme\/\">Crescere bene, crescere insieme<\/a>\n\t\t\t\t\t\t\t\t\t<\/li>\n\t\t\t\t\t<\/ul>\n\n\t\t\t\t\t\t<\/div>\n\t\t\t\t<\/div>\n\t\t\t\t\t<\/div>\n\t\t<\/div>\n\t\t\t\t<div class=\"elementor-column elementor-col-50 elementor-inner-column elementor-element elementor-element-62171ba\" data-id=\"62171ba\" data-element_type=\"column\" data-e-type=\"column\">\n\t\t\t<div class=\"elementor-widget-wrap elementor-element-populated\">\n\t\t\t\t\t\t<div class=\"elementor-element elementor-element-485d23f elementor-widget elementor-widget-text-editor\" data-id=\"485d23f\" data-element_type=\"widget\" data-e-type=\"widget\" data-widget_type=\"text-editor.default\">\n\t\t\t\t<div class=\"elementor-widget-container\">\n\t\t\t\t\t\t\t\t\t<p class=\"p1\">Nelle nostre scuole si impara giocando, si cresce sperimentando, si diventa autonomi un passo alla volta. Ogni attivit\u00e0, dal laboratorio creativo al pranzo, dal gioco libero al momento del riposo, \u00e8 pensata per aiutare il bambino a sentirsi competente, amato e capace. La scuola diventa cos\u00ec una piccola palestra di vita, ma con tappeti morbidi, colori allegri e tante storie da raccontare.<\/p>\t\t\t\t\t\t\t\t<\/div>\n\t\t\t\t<\/div>\n\t\t\t\t\t<\/div>\n\t\t<\/div>\n\t\t\t\t\t<\/div>\n\t\t<\/section>\n\t\t\t\t<div class=\"elementor-element elementor-element-2bf3060 elementor-widget elementor-widget-text-editor\" data-id=\"2bf3060\" data-element_type=\"widget\" data-e-type=\"widget\" data-widget_type=\"text-editor.default\">\n\t\t\t\t<div class=\"elementor-widget-container\">\n\t\t\t\t\t\t\t\t\t<p class=\"p1\">Per i genitori, questo significa poter contare su un\u2019alleanza educativa sincera. La famiglia non resta fuori dalla porta: entra idealmente nel percorso, dialoga con il team educativo, condivide bisogni, dubbi, progressi e piccole grandi meraviglie quotidiane.<\/p><p class=\"p1\">Perch\u00e9 crescere un bambino \u00e8 un lavoro di squadra. E quando scuola e famiglia remano nella stessa direzione, il viaggio diventa pi\u00f9 sereno per tutti.<\/p>\t\t\t\t\t\t\t\t<\/div>\n\t\t\t\t<\/div>\n\t\t\t\t<div class=\"elementor-element elementor-element-b7f54da elementor-widget elementor-widget-heading\" data-id=\"b7f54da\" data-element_type=\"widget\" data-e-type=\"widget\" data-widget_type=\"heading.default\">\n\t\t\t\t<div class=\"elementor-widget-container\">\n\t\t\t\t\t<h3 class=\"elementor-heading-title elementor-size-default\">Unici e importanti<\/h3>\t\t\t\t<\/div>\n\t\t\t\t<\/div>\n\t\t\t\t<div class=\"elementor-element elementor-element-56943f9 elementor-widget elementor-widget-text-editor\" data-id=\"56943f9\" data-element_type=\"widget\" data-e-type=\"widget\" data-widget_type=\"text-editor.default\">\n\t\t\t\t<div class=\"elementor-widget-container\">\n\t\t\t\t\t\t\t\t\t<p class=\"p1\">Le Scuole San Francesco sono luoghi dove il bambino pu\u00f2 sentirsi al sicuro, accolto nella propria unicit\u00e0 e accompagnato con competenza. Una scuola dove si cresce con la testa, con le mani, con il cuore. E dove ogni giornata pu\u00f2 iniziare con una certezza preziosa: oggi c\u2019\u00e8 qualcosa di bello da scoprire.<\/p><p class=\"p1\">\u00a0<\/p>\t\t\t\t\t\t\t\t<\/div>\n\t\t\t\t<\/div>\n\t\t\t\t<section class=\"elementor-section elementor-inner-section elementor-element elementor-element-8b9680d elementor-section-content-top elementor-section-boxed elementor-section-height-default elementor-section-height-default\" data-id=\"8b9680d\" data-element_type=\"section\" data-e-type=\"section\">\n\t\t\t\t\t\t<div class=\"elementor-container elementor-column-gap-default\">\n\t\t\t\t\t<div class=\"elementor-column elementor-col-50 elementor-inner-column elementor-element elementor-element-6798417\" data-id=\"6798417\" data-element_type=\"column\" data-e-type=\"column\">\n\t\t\t<div class=\"elementor-widget-wrap elementor-element-populated\">\n\t\t\t\t\t\t<div class=\"elementor-element elementor-element-850602d elementor-widget elementor-widget-text-editor\" data-id=\"850602d\" data-element_type=\"widget\" data-e-type=\"widget\" data-widget_type=\"text-editor.default\">\n\t\t\t\t<div class=\"elementor-widget-container\">\n\t\t\t\t\t\t\t\t\t<p>Vi aspettiamo nelle nostre sedi di Sestu e Cagliari per conoscere da vicino gli spazi, il metodo educativo e le persone che ogni giorno trasformano la scuola in una grande famiglia.<\/p>\t\t\t\t\t\t\t\t<\/div>\n\t\t\t\t<\/div>\n\t\t\t\t\t<\/div>\n\t\t<\/div>\n\t\t\t\t<div class=\"elementor-column elementor-col-50 elementor-inner-column elementor-element elementor-element-7996653\" data-id=\"7996653\" data-element_type=\"column\" data-e-type=\"column\">\n\t\t\t<div class=\"elementor-widget-wrap elementor-element-populated\">\n\t\t\t\t\t\t<div class=\"elementor-element elementor-element-9527552 elementor-widget elementor-widget-image\" data-id=\"9527552\" data-element_type=\"widget\" data-e-type=\"widget\" data-widget_type=\"image.default\">\n\t\t\t\t<div class=\"elementor-widget-container\">\n\t\t\t\t\t\t\t\t\t\t\t\t\t\t\t<img decoding=\"async\" width=\"768\" height=\"1024\" src=\"https:\/\/www.scuolesanfrancesco.it\/wp-content\/uploads\/2026\/06\/giardino-ernome-2-768x1024.webp\" class=\"attachment-large size-large wp-image-7297\" alt=\"Bambini attraversano il giardino della scuola durante un&#039;attivit\u00e0 educativa all&#039;aperto.\" srcset=\"https:\/\/www.scuolesanfrancesco.it\/wp-content\/uploads\/2026\/06\/giardino-ernome-2-768x1024.webp 768w, https:\/\/www.scuolesanfrancesco.it\/wp-content\/uploads\/2026\/06\/giardino-ernome-2-225x300.webp 225w, https:\/\/www.scuolesanfrancesco.it\/wp-content\/uploads\/2026\/06\/giardino-ernome-2.webp 960w\" sizes=\"(max-width: 768px) 100vw, 768px\" \/>\t\t\t\t\t\t\t\t\t\t\t\t\t\t\t<\/div>\n\t\t\t\t<\/div>\n\t\t\t\t\t<\/div>\n\t\t<\/div>\n\t\t\t\t\t<\/div>\n\t\t<\/section>\n\t\t\t\t\t<\/div>\n\t\t<\/div>\n\t\t\t\t\t<\/div>\n\t\t<\/section>\n\t\t\t\t<\/div>\n\t\t","protected":false},"excerpt":{"rendered":"<p>Scegliere una scuola per il proprio bambino non significa soltanto trovare un luogo sicuro dove lasciarlo durante la giornata. Significa cercare un ambiente capace di accoglierlo, ascoltarlo, accompagnarlo nei suoi primi passi fuori dal nido familiare. Significa domandarsi: qui mio figlio sar\u00e0 visto davvero? Sar\u00e0 incoraggiato? Potr\u00e0 sentirsi parte di una piccola comunit\u00e0 felice? Le&#8230;<\/p>\n","protected":false},"author":1,"featured_media":7286,"comment_status":"closed","ping_status":"open","sticky":false,"template":"","format":"standard","meta":{"footnotes":""},"categories":[7,6,4],"tags":[42,46,45,43,40,41,44],"class_list":["post-1999","post","type-post","status-publish","format-standard","has-post-thumbnail","hentry","category-didattica-docenti","category-scuola","category-spazi-interni","tag-cagliari","tag-didattica","tag-filosofia","tag-infanzia","tag-scuole","tag-sestu","tag-struttura"],"yoast_head":"<!-- This site is optimized with the Yoast SEO plugin v28.4 - https:\/\/yoast.com\/product\/yoast-seo-wordpress\/ -->\n<title>Crescere bene, crescere insieme - Scuole per l&#039;infanzia San Francesco - Cagliari e Sestu<\/title>\n<meta name=\"robots\" content=\"index, follow, max-snippet:-1, max-image-preview:large, max-video-preview:-1\" \/>\n<link rel=\"canonical\" href=\"https:\/\/www.scuolesanfrancesco.it\/index.php\/2026\/04\/04\/crescere-bene-crescere-insieme\/\" \/>\n<meta property=\"og:locale\" content=\"it_IT\" \/>\n<meta property=\"og:type\" content=\"article\" \/>\n<meta property=\"og:title\" content=\"Crescere bene, crescere insieme - Scuole per l&#039;infanzia San Francesco - Cagliari e Sestu\" \/>\n<meta property=\"og:description\" content=\"Scegliere una scuola per il proprio bambino non significa soltanto trovare un luogo sicuro dove lasciarlo durante la giornata. Significa cercare un ambiente capace di accoglierlo, ascoltarlo, accompagnarlo nei suoi primi passi fuori dal nido familiare. Significa domandarsi: qui mio figlio sar\u00e0 visto davvero? Sar\u00e0 incoraggiato? Potr\u00e0 sentirsi parte di una piccola comunit\u00e0 felice? Le...\" \/>\n<meta property=\"og:url\" content=\"https:\/\/www.scuolesanfrancesco.it\/index.php\/2026\/04\/04\/crescere-bene-crescere-insieme\/\" \/>\n<meta property=\"og:site_name\" content=\"Scuole per l&#039;infanzia San Francesco - Cagliari e Sestu\" \/>\n<meta property=\"article:published_time\" content=\"2026-04-04T13:20:09+00:00\" \/>\n<meta property=\"article:modified_time\" content=\"2026-07-01T02:30:41+00:00\" \/>\n<meta property=\"og:image\" content=\"https:\/\/www.scuolesanfrancesco.it\/wp-content\/uploads\/2026\/06\/header-home-2.webp\" \/>\n\t<meta property=\"og:image:width\" content=\"1280\" \/>\n\t<meta property=\"og:image:height\" content=\"720\" \/>\n\t<meta property=\"og:image:type\" content=\"image\/webp\" \/>\n<meta name=\"author\" content=\"admin\" \/>\n<meta name=\"twitter:card\" content=\"summary_large_image\" \/>\n<meta name=\"twitter:label1\" content=\"Scritto da\" \/>\n\t<meta name=\"twitter:data1\" content=\"admin\" \/>\n\t<meta name=\"twitter:label2\" content=\"Tempo di lettura stimato\" \/>\n\t<meta name=\"twitter:data2\" content=\"4 minuti\" \/>\n<script type=\"application\/ld+json\" class=\"yoast-schema-graph\">{\"@context\":\"https:\\\/\\\/schema.org\",\"@graph\":[{\"@type\":\"Article\",\"@id\":\"https:\\\/\\\/www.scuolesanfrancesco.it\\\/index.php\\\/2026\\\/04\\\/04\\\/crescere-bene-crescere-insieme\\\/#article\",\"isPartOf\":{\"@id\":\"https:\\\/\\\/www.scuolesanfrancesco.it\\\/index.php\\\/2026\\\/04\\\/04\\\/crescere-bene-crescere-insieme\\\/\"},\"author\":{\"name\":\"admin\",\"@id\":\"https:\\\/\\\/www.scuolesanfrancesco.it\\\/#\\\/schema\\\/person\\\/80dcc6b5bce9807ead8cddb9bd23a5a3\"},\"headline\":\"Crescere bene, crescere insieme\",\"datePublished\":\"2026-04-04T13:20:09+00:00\",\"dateModified\":\"2026-07-01T02:30:41+00:00\",\"mainEntityOfPage\":{\"@id\":\"https:\\\/\\\/www.scuolesanfrancesco.it\\\/index.php\\\/2026\\\/04\\\/04\\\/crescere-bene-crescere-insieme\\\/\"},\"wordCount\":558,\"publisher\":{\"@id\":\"https:\\\/\\\/www.scuolesanfrancesco.it\\\/#organization\"},\"image\":{\"@id\":\"https:\\\/\\\/www.scuolesanfrancesco.it\\\/index.php\\\/2026\\\/04\\\/04\\\/crescere-bene-crescere-insieme\\\/#primaryimage\"},\"thumbnailUrl\":\"https:\\\/\\\/www.scuolesanfrancesco.it\\\/wp-content\\\/uploads\\\/2026\\\/06\\\/header-home-2.webp\",\"keywords\":[\"cagliari\",\"didattica\",\"filosofia\",\"infanzia\",\"scuole\",\"sestu\",\"struttura\"],\"articleSection\":[\"Didattica e Docenti\",\"Scuola\",\"Spazi interni\"],\"inLanguage\":\"it-IT\"},{\"@type\":\"WebPage\",\"@id\":\"https:\\\/\\\/www.scuolesanfrancesco.it\\\/index.php\\\/2026\\\/04\\\/04\\\/crescere-bene-crescere-insieme\\\/\",\"url\":\"https:\\\/\\\/www.scuolesanfrancesco.it\\\/index.php\\\/2026\\\/04\\\/04\\\/crescere-bene-crescere-insieme\\\/\",\"name\":\"Crescere bene, crescere insieme - Scuole per l'infanzia San Francesco - Cagliari e Sestu\",\"isPartOf\":{\"@id\":\"https:\\\/\\\/www.scuolesanfrancesco.it\\\/#website\"},\"primaryImageOfPage\":{\"@id\":\"https:\\\/\\\/www.scuolesanfrancesco.it\\\/index.php\\\/2026\\\/04\\\/04\\\/crescere-bene-crescere-insieme\\\/#primaryimage\"},\"image\":{\"@id\":\"https:\\\/\\\/www.scuolesanfrancesco.it\\\/index.php\\\/2026\\\/04\\\/04\\\/crescere-bene-crescere-insieme\\\/#primaryimage\"},\"thumbnailUrl\":\"https:\\\/\\\/www.scuolesanfrancesco.it\\\/wp-content\\\/uploads\\\/2026\\\/06\\\/header-home-2.webp\",\"datePublished\":\"2026-04-04T13:20:09+00:00\",\"dateModified\":\"2026-07-01T02:30:41+00:00\",\"breadcrumb\":{\"@id\":\"https:\\\/\\\/www.scuolesanfrancesco.it\\\/index.php\\\/2026\\\/04\\\/04\\\/crescere-bene-crescere-insieme\\\/#breadcrumb\"},\"inLanguage\":\"it-IT\",\"potentialAction\":[{\"@type\":\"ReadAction\",\"target\":[\"https:\\\/\\\/www.scuolesanfrancesco.it\\\/index.php\\\/2026\\\/04\\\/04\\\/crescere-bene-crescere-insieme\\\/\"]}]},{\"@type\":\"ImageObject\",\"inLanguage\":\"it-IT\",\"@id\":\"https:\\\/\\\/www.scuolesanfrancesco.it\\\/index.php\\\/2026\\\/04\\\/04\\\/crescere-bene-crescere-insieme\\\/#primaryimage\",\"url\":\"https:\\\/\\\/www.scuolesanfrancesco.it\\\/wp-content\\\/uploads\\\/2026\\\/06\\\/header-home-2.webp\",\"contentUrl\":\"https:\\\/\\\/www.scuolesanfrancesco.it\\\/wp-content\\\/uploads\\\/2026\\\/06\\\/header-home-2.webp\",\"width\":1280,\"height\":720,\"caption\":\"Bambini giocano e corrono nel giardino della Scuola dell'Infanzia Provvidenza Sacro Cuore.\"},{\"@type\":\"BreadcrumbList\",\"@id\":\"https:\\\/\\\/www.scuolesanfrancesco.it\\\/index.php\\\/2026\\\/04\\\/04\\\/crescere-bene-crescere-insieme\\\/#breadcrumb\",\"itemListElement\":[{\"@type\":\"ListItem\",\"position\":1,\"name\":\"Home\",\"item\":\"https:\\\/\\\/www.scuolesanfrancesco.it\\\/\"},{\"@type\":\"ListItem\",\"position\":2,\"name\":\"Crescere bene, crescere insieme\"}]},{\"@type\":\"WebSite\",\"@id\":\"https:\\\/\\\/www.scuolesanfrancesco.it\\\/#website\",\"url\":\"https:\\\/\\\/www.scuolesanfrancesco.it\\\/\",\"name\":\"Scuole per l'infanzia San Francesco - Cagliari e Sestu\",\"description\":\"Scuola Provv. Sacro Cuore di Cagliari e Scuola Dott. Manunza di Sestu\",\"publisher\":{\"@id\":\"https:\\\/\\\/www.scuolesanfrancesco.it\\\/#organization\"},\"potentialAction\":[{\"@type\":\"SearchAction\",\"target\":{\"@type\":\"EntryPoint\",\"urlTemplate\":\"https:\\\/\\\/www.scuolesanfrancesco.it\\\/?s={search_term_string}\"},\"query-input\":{\"@type\":\"PropertyValueSpecification\",\"valueRequired\":true,\"valueName\":\"search_term_string\"}}],\"inLanguage\":\"it-IT\"},{\"@type\":\"Organization\",\"@id\":\"https:\\\/\\\/www.scuolesanfrancesco.it\\\/#organization\",\"name\":\"Scuole per l'infanzia San Francesco - Cagliari e Sestu\",\"url\":\"https:\\\/\\\/www.scuolesanfrancesco.it\\\/\",\"logo\":{\"@type\":\"ImageObject\",\"inLanguage\":\"it-IT\",\"@id\":\"https:\\\/\\\/www.scuolesanfrancesco.it\\\/#\\\/schema\\\/logo\\\/image\\\/\",\"url\":\"https:\\\/\\\/www.scuolesanfrancesco.it\\\/wp-content\\\/uploads\\\/2026\\\/06\\\/cropped-scuole-sanfrancesco-logo-2026.webp\",\"contentUrl\":\"https:\\\/\\\/www.scuolesanfrancesco.it\\\/wp-content\\\/uploads\\\/2026\\\/06\\\/cropped-scuole-sanfrancesco-logo-2026.webp\",\"width\":956,\"height\":480,\"caption\":\"Scuole per l'infanzia San Francesco - Cagliari e Sestu\"},\"image\":{\"@id\":\"https:\\\/\\\/www.scuolesanfrancesco.it\\\/#\\\/schema\\\/logo\\\/image\\\/\"}},{\"@type\":\"Person\",\"@id\":\"https:\\\/\\\/www.scuolesanfrancesco.it\\\/#\\\/schema\\\/person\\\/80dcc6b5bce9807ead8cddb9bd23a5a3\",\"name\":\"admin\",\"image\":{\"@type\":\"ImageObject\",\"inLanguage\":\"it-IT\",\"@id\":\"https:\\\/\\\/secure.gravatar.com\\\/avatar\\\/56382e5b08512bfbc85c615503c2966dd13559d95cd6d6ac5f8129a9714c2170?s=96&d=mm&r=g\",\"url\":\"https:\\\/\\\/secure.gravatar.com\\\/avatar\\\/56382e5b08512bfbc85c615503c2966dd13559d95cd6d6ac5f8129a9714c2170?s=96&d=mm&r=g\",\"contentUrl\":\"https:\\\/\\\/secure.gravatar.com\\\/avatar\\\/56382e5b08512bfbc85c615503c2966dd13559d95cd6d6ac5f8129a9714c2170?s=96&d=mm&r=g\",\"caption\":\"admin\"},\"sameAs\":[\"http:\\\/\\\/www.scuolesanfrancesco.it\"],\"url\":\"https:\\\/\\\/www.scuolesanfrancesco.it\\\/index.php\\\/author\\\/admin\\\/\"}]}<\/script>\n<!-- \/ Yoast SEO plugin. -->","yoast_head_json":{"title":"Crescere bene, crescere insieme - Scuole per l'infanzia San Francesco - Cagliari e Sestu","robots":{"index":"index","follow":"follow","max-snippet":"max-snippet:-1","max-image-preview":"max-image-preview:large","max-video-preview":"max-video-preview:-1"},"canonical":"https:\/\/www.scuolesanfrancesco.it\/index.php\/2026\/04\/04\/crescere-bene-crescere-insieme\/","og_locale":"it_IT","og_type":"article","og_title":"Crescere bene, crescere insieme - Scuole per l'infanzia San Francesco - Cagliari e Sestu","og_description":"Scegliere una scuola per il proprio bambino non significa soltanto trovare un luogo sicuro dove lasciarlo durante la giornata. Significa cercare un ambiente capace di accoglierlo, ascoltarlo, accompagnarlo nei suoi primi passi fuori dal nido familiare. Significa domandarsi: qui mio figlio sar\u00e0 visto davvero? Sar\u00e0 incoraggiato? Potr\u00e0 sentirsi parte di una piccola comunit\u00e0 felice? Le...","og_url":"https:\/\/www.scuolesanfrancesco.it\/index.php\/2026\/04\/04\/crescere-bene-crescere-insieme\/","og_site_name":"Scuole per l'infanzia San Francesco - Cagliari e Sestu","article_published_time":"2026-04-04T13:20:09+00:00","article_modified_time":"2026-07-01T02:30:41+00:00","og_image":[{"width":1280,"height":720,"url":"https:\/\/www.scuolesanfrancesco.it\/wp-content\/uploads\/2026\/06\/header-home-2.webp","type":"image\/webp"}],"author":"admin","twitter_card":"summary_large_image","twitter_misc":{"Scritto da":"admin","Tempo di lettura stimato":"4 minuti"},"schema":{"@context":"https:\/\/schema.org","@graph":[{"@type":"Article","@id":"https:\/\/www.scuolesanfrancesco.it\/index.php\/2026\/04\/04\/crescere-bene-crescere-insieme\/#article","isPartOf":{"@id":"https:\/\/www.scuolesanfrancesco.it\/index.php\/2026\/04\/04\/crescere-bene-crescere-insieme\/"},"author":{"name":"admin","@id":"https:\/\/www.scuolesanfrancesco.it\/#\/schema\/person\/80dcc6b5bce9807ead8cddb9bd23a5a3"},"headline":"Crescere bene, crescere insieme","datePublished":"2026-04-04T13:20:09+00:00","dateModified":"2026-07-01T02:30:41+00:00","mainEntityOfPage":{"@id":"https:\/\/www.scuolesanfrancesco.it\/index.php\/2026\/04\/04\/crescere-bene-crescere-insieme\/"},"wordCount":558,"publisher":{"@id":"https:\/\/www.scuolesanfrancesco.it\/#organization"},"image":{"@id":"https:\/\/www.scuolesanfrancesco.it\/index.php\/2026\/04\/04\/crescere-bene-crescere-insieme\/#primaryimage"},"thumbnailUrl":"https:\/\/www.scuolesanfrancesco.it\/wp-content\/uploads\/2026\/06\/header-home-2.webp","keywords":["cagliari","didattica","filosofia","infanzia","scuole","sestu","struttura"],"articleSection":["Didattica e Docenti","Scuola","Spazi interni"],"inLanguage":"it-IT"},{"@type":"WebPage","@id":"https:\/\/www.scuolesanfrancesco.it\/index.php\/2026\/04\/04\/crescere-bene-crescere-insieme\/","url":"https:\/\/www.scuolesanfrancesco.it\/index.php\/2026\/04\/04\/crescere-bene-crescere-insieme\/","name":"Crescere bene, crescere insieme - Scuole per l'infanzia San Francesco - Cagliari e Sestu","isPartOf":{"@id":"https:\/\/www.scuolesanfrancesco.it\/#website"},"primaryImageOfPage":{"@id":"https:\/\/www.scuolesanfrancesco.it\/index.php\/2026\/04\/04\/crescere-bene-crescere-insieme\/#primaryimage"},"image":{"@id":"https:\/\/www.scuolesanfrancesco.it\/index.php\/2026\/04\/04\/crescere-bene-crescere-insieme\/#primaryimage"},"thumbnailUrl":"https:\/\/www.scuolesanfrancesco.it\/wp-content\/uploads\/2026\/06\/header-home-2.webp","datePublished":"2026-04-04T13:20:09+00:00","dateModified":"2026-07-01T02:30:41+00:00","breadcrumb":{"@id":"https:\/\/www.scuolesanfrancesco.it\/index.php\/2026\/04\/04\/crescere-bene-crescere-insieme\/#breadcrumb"},"inLanguage":"it-IT","potentialAction":[{"@type":"ReadAction","target":["https:\/\/www.scuolesanfrancesco.it\/index.php\/2026\/04\/04\/crescere-bene-crescere-insieme\/"]}]},{"@type":"ImageObject","inLanguage":"it-IT","@id":"https:\/\/www.scuolesanfrancesco.it\/index.php\/2026\/04\/04\/crescere-bene-crescere-insieme\/#primaryimage","url":"https:\/\/www.scuolesanfrancesco.it\/wp-content\/uploads\/2026\/06\/header-home-2.webp","contentUrl":"https:\/\/www.scuolesanfrancesco.it\/wp-content\/uploads\/2026\/06\/header-home-2.webp","width":1280,"height":720,"caption":"Bambini giocano e corrono nel giardino della Scuola dell'Infanzia Provvidenza Sacro Cuore."},{"@type":"BreadcrumbList","@id":"https:\/\/www.scuolesanfrancesco.it\/index.php\/2026\/04\/04\/crescere-bene-crescere-insieme\/#breadcrumb","itemListElement":[{"@type":"ListItem","position":1,"name":"Home","item":"https:\/\/www.scuolesanfrancesco.it\/"},{"@type":"ListItem","position":2,"name":"Crescere bene, crescere insieme"}]},{"@type":"WebSite","@id":"https:\/\/www.scuolesanfrancesco.it\/#website","url":"https:\/\/www.scuolesanfrancesco.it\/","name":"Scuole per l'infanzia San Francesco - Cagliari e Sestu","description":"Scuola Provv. Sacro Cuore di Cagliari e Scuola Dott. Manunza di Sestu","publisher":{"@id":"https:\/\/www.scuolesanfrancesco.it\/#organization"},"potentialAction":[{"@type":"SearchAction","target":{"@type":"EntryPoint","urlTemplate":"https:\/\/www.scuolesanfrancesco.it\/?s={search_term_string}"},"query-input":{"@type":"PropertyValueSpecification","valueRequired":true,"valueName":"search_term_string"}}],"inLanguage":"it-IT"},{"@type":"Organization","@id":"https:\/\/www.scuolesanfrancesco.it\/#organization","name":"Scuole per l'infanzia San Francesco - Cagliari e Sestu","url":"https:\/\/www.scuolesanfrancesco.it\/","logo":{"@type":"ImageObject","inLanguage":"it-IT","@id":"https:\/\/www.scuolesanfrancesco.it\/#\/schema\/logo\/image\/","url":"https:\/\/www.scuolesanfrancesco.it\/wp-content\/uploads\/2026\/06\/cropped-scuole-sanfrancesco-logo-2026.webp","contentUrl":"https:\/\/www.scuolesanfrancesco.it\/wp-content\/uploads\/2026\/06\/cropped-scuole-sanfrancesco-logo-2026.webp","width":956,"height":480,"caption":"Scuole per l'infanzia San Francesco - Cagliari e Sestu"},"image":{"@id":"https:\/\/www.scuolesanfrancesco.it\/#\/schema\/logo\/image\/"}},{"@type":"Person","@id":"https:\/\/www.scuolesanfrancesco.it\/#\/schema\/person\/80dcc6b5bce9807ead8cddb9bd23a5a3","name":"admin","image":{"@type":"ImageObject","inLanguage":"it-IT","@id":"https:\/\/secure.gravatar.com\/avatar\/56382e5b08512bfbc85c615503c2966dd13559d95cd6d6ac5f8129a9714c2170?s=96&d=mm&r=g","url":"https:\/\/secure.gravatar.com\/avatar\/56382e5b08512bfbc85c615503c2966dd13559d95cd6d6ac5f8129a9714c2170?s=96&d=mm&r=g","contentUrl":"https:\/\/secure.gravatar.com\/avatar\/56382e5b08512bfbc85c615503c2966dd13559d95cd6d6ac5f8129a9714c2170?s=96&d=mm&r=g","caption":"admin"},"sameAs":["http:\/\/www.scuolesanfrancesco.it"],"url":"https:\/\/www.scuolesanfrancesco.it\/index.php\/author\/admin\/"}]}},"_links":{"self":[{"href":"https:\/\/www.scuolesanfrancesco.it\/index.php\/wp-json\/wp\/v2\/posts\/1999","targetHints":{"allow":["GET"]}}],"collection":[{"href":"https:\/\/www.scuolesanfrancesco.it\/index.php\/wp-json\/wp\/v2\/posts"}],"about":[{"href":"https:\/\/www.scuolesanfrancesco.it\/index.php\/wp-json\/wp\/v2\/types\/post"}],"author":[{"embeddable":true,"href":"https:\/\/www.scuolesanfrancesco.it\/index.php\/wp-json\/wp\/v2\/users\/1"}],"replies":[{"embeddable":true,"href":"https:\/\/www.scuolesanfrancesco.it\/index.php\/wp-json\/wp\/v2\/comments?post=1999"}],"version-history":[{"count":6,"href":"https:\/\/www.scuolesanfrancesco.it\/index.php\/wp-json\/wp\/v2\/posts\/1999\/revisions"}],"predecessor-version":[{"id":7424,"href":"https:\/\/www.scuolesanfrancesco.it\/index.php\/wp-json\/wp\/v2\/posts\/1999\/revisions\/7424"}],"wp:featuredmedia":[{"embeddable":true,"href":"https:\/\/www.scuolesanfrancesco.it\/index.php\/wp-json\/wp\/v2\/media\/7286"}],"wp:attachment":[{"href":"https:\/\/www.scuolesanfrancesco.it\/index.php\/wp-json\/wp\/v2\/media?parent=1999"}],"wp:term":[{"taxonomy":"category","embeddable":true,"href":"https:\/\/www.scuolesanfrancesco.it\/index.php\/wp-json\/wp\/v2\/categories?post=1999"},{"taxonomy":"post_tag","embeddable":true,"href":"https:\/\/www.scuolesanfrancesco.it\/index.php\/wp-json\/wp\/v2\/tags?post=1999"}],"curies":[{"name":"wp","href":"https:\/\/api.w.org\/{rel}","templated":true}]}}